{"id":12232,"date":"2023-03-19T21:54:34","date_gmt":"2023-03-20T00:54:34","guid":{"rendered":"https:\/\/blogs.correiobraziliense.com.br\/capital-sa\/?p=12232"},"modified":"2023-03-21T10:46:52","modified_gmt":"2023-03-21T13:46:52","slug":"do-ambiente-corporativo-para-o-pe-na-terra","status":"publish","type":"post","link":"https:\/\/blogs.correiobraziliense.com.br\/capital-sa\/2023\/03\/19\/do-ambiente-corporativo-para-o-pe-na-terra\/","title":{"rendered":"Do ambiente corporativo para o P\u00e9 na Terra"},"content":{"rendered":"<p class=\"p1\"><b>Por Samanta Sallum\u00a0<\/b><\/p>\n<p class=\"p1\"><span class=\"s2\">F\u00e1tima Cabral, 63 anos, antes de ingressar na agricultura familiar, acumulou experi\u00eancias profissionais principalmente no meio corporativo e no setor p\u00fablico. Mas, em 2001, ela e o marido decidiram mudar o estilo de vida e compraram um terreno de 40 hectares no N\u00facleo Rural Pipiripau, em Planaltina-DF.<br \/>\n<\/span><\/p>\n<p class=\"p1\"><span class=\"s3\">&#8220;Iniciamos com o plantio convencional, com uso de agrot\u00f3xicos e insumos qu\u00edmicos. Foi somente em 2008 que meus filhos mais novos e eu tomamos a decis\u00e3o de fazer uma transi\u00e7\u00e3o agroecol\u00f3gica e migrar para o sistema de plantio org\u00e2nico.&#8221;<\/span><span class=\"s2\">\u00a0E assim come\u00e7ou o projeto P\u00e9 Na Terra Agroecologia, empresa de agricultura familiar com foco no cultivo de org\u00e2nicos.<\/span><\/p>\n<p class=\"p1\"><span class=\"s2\"><b>Ativismo <\/b><\/span><\/p>\n<p class=\"p1\"><span class=\"s2\">F\u00e1tima foi uma das idealizadoras da Associa\u00e7\u00e3o dos Produtores Agroecol\u00f3gicos do Alto S\u00e3o Bartolomeu (APROSPERA), onde teve algumas resist\u00eancias no in\u00edcio, principalmente por ser mulher. <\/span><\/p>\n<p class=\"p1\"><span class=\"s3\">&#8220;O gosto pelo campo foi crescendo e se tornou um ativismo que acabou se espalhando pela comunidade de assentados que fica pr\u00f3xima daqui e nos levou a criar essa associa\u00e7\u00e3o para o fortalecimento da agricultura&#8217;, <\/span><span class=\"s2\">diz F\u00e1tima.<\/span><\/p>\n<p class=\"p1\"><span class=\"s2\">\u00a0<\/span><span class=\"s1\"><b>Certificado <\/b><\/span><\/p>\n<p class=\"p1\">Ela conta que o apoio do programa Sebrae Delas (Desenvolvendo Empreendedoras L\u00edderes Apaixonadas pelo Sucesso) foi fundamental para que pudesse alcan\u00e7ar o certificado IBD, que \u00e9 o maior de produtos org\u00e2nicos e sustent\u00e1veis da Am\u00e9rica Latina.<\/p>\n<p class=\"p1\"><span class=\"s2\"><b>Restaurantes universit\u00e1rios <\/b><\/span><\/p>\n<p class=\"p1\"><span class=\"s2\">Nesta semana, passou a integrar a rec\u00e9m-fundada Cooperativa de Produ\u00e7\u00e3o e Comercializa\u00e7\u00e3o Org\u00e2nica e Agroecol\u00f3gica do DF e Entorno para fornecer produtos para feiras e supermercados. Tamb\u00e9m h\u00e1 o projeto para fornecer<span class=\"Apple-converted-space\">\u00a0<\/span>aos restaurantes universit\u00e1rios da UnB, que v\u00e3o come\u00e7ar a adquirir alimentos da agricultura familiar.<\/span><\/p>\n","protected":false},"excerpt":{"rendered":"<p>Por Samanta Sallum\u00a0 F\u00e1tima Cabral, 63 anos, antes de ingressar na agricultura familiar, acumulou experi\u00eancias profissionais principalmente no meio corporativo e no setor p\u00fablico. Mas, em 2001, ela e o marido decidiram mudar o estilo de vida e compraram um terreno de 40 hectares no N\u00facleo Rural Pipiripau, em Planaltina-DF. &#8220;Iniciamos com o plantio convencional, com uso de agrot\u00f3xicos e [&hellip;]<\/p>\n","protected":false},"author":125,"featured_media":12242,"comment_status":"open","ping_status":"open","sticky":false,"template":"","format":"standard","meta":{"footnotes":""},"categories":[6],"tags":[1913,1917,1915,1912,1918,1916,1914],"class_list":["post-12232","post","type-post","status-publish","format-standard","has-post-thumbnail","hentry","category-coluna-capital-s-a","tag-agriculturafamiliar","tag-aprospera","tag-certificado","tag-organicos","tag-plantio","tag-restaurantesuniversitarios","tag-penaterra"],"_links":{"self":[{"href":"https:\/\/blogs.correiobraziliense.com.br\/capital-sa\/wp-json\/wp\/v2\/posts\/12232","targetHints":{"allow":["GET"]}}],"collection":[{"href":"https:\/\/blogs.correiobraziliense.com.br\/capital-sa\/wp-json\/wp\/v2\/posts"}],"about":[{"href":"https:\/\/blogs.correiobraziliense.com.br\/capital-sa\/wp-json\/wp\/v2\/types\/post"}],"author":[{"embeddable":true,"href":"https:\/\/blogs.correiobraziliense.com.br\/capital-sa\/wp-json\/wp\/v2\/users\/125"}],"replies":[{"embeddable":true,"href":"https:\/\/blogs.correiobraziliense.com.br\/capital-sa\/wp-json\/wp\/v2\/comments?post=12232"}],"version-history":[{"count":5,"href":"https:\/\/blogs.correiobraziliense.com.br\/capital-sa\/wp-json\/wp\/v2\/posts\/12232\/revisions"}],"predecessor-version":[{"id":12292,"href":"https:\/\/blogs.correiobraziliense.com.br\/capital-sa\/wp-json\/wp\/v2\/posts\/12232\/revisions\/12292"}],"wp:featuredmedia":[{"embeddable":true,"href":"https:\/\/blogs.correiobraziliense.com.br\/capital-sa\/wp-json\/wp\/v2\/media\/12242"}],"wp:attachment":[{"href":"https:\/\/blogs.correiobraziliense.com.br\/capital-sa\/wp-json\/wp\/v2\/media?parent=12232"}],"wp:term":[{"taxonomy":"category","embeddable":true,"href":"https:\/\/blogs.correiobraziliense.com.br\/capital-sa\/wp-json\/wp\/v2\/categories?post=12232"},{"taxonomy":"post_tag","embeddable":true,"href":"https:\/\/blogs.correiobraziliense.com.br\/capital-sa\/wp-json\/wp\/v2\/tags?post=12232"}],"curies":[{"name":"wp","href":"https:\/\/api.w.org\/{rel}","templated":true}]}}