{"id":12224,"date":"2023-03-16T20:33:05","date_gmt":"2023-03-16T23:33:05","guid":{"rendered":"https:\/\/blogs.correiobraziliense.com.br\/capital-sa\/?p=12224"},"modified":"2023-03-21T10:42:32","modified_gmt":"2023-03-21T13:42:32","slug":"ex-interventor-federal-deseja-sucesso-a-ibaneis","status":"publish","type":"post","link":"https:\/\/blogs.correiobraziliense.com.br\/capital-sa\/2023\/03\/16\/ex-interventor-federal-deseja-sucesso-a-ibaneis\/","title":{"rendered":"Ex-interventor federal deseja &#8220;sucesso&#8221; a Ibaneis"},"content":{"rendered":"<p class=\"p1\"><b>Por Samanta Sallum\u00a0<\/b><\/p>\n<p class=\"p1\"><span class=\"s1\">O secret\u00e1rio executivo do Minist\u00e9rio da Justi\u00e7a e ex-interventor na Seguran\u00e7a P\u00fablica do DF, Ricardo Capelli, recebeu liga\u00e7\u00e3o de Ibaneis Rocha hoje.<\/span><\/p>\n<p class=\"p1\"><span class=\"s1\">&#8220;Me parabenizou pela condu\u00e7\u00e3o da interven\u00e7\u00e3o federal na seguran\u00e7a p\u00fablica do DF. O povo espera dos governantes uni\u00e3o e trabalho. O bem da nossa querida capital federal \u00e9 o mais importante. Desejo sucesso neste seu retorno&#8221;, contou Capelli nas redes sociais. <\/span><\/p>\n","protected":false},"excerpt":{"rendered":"<p>Por Samanta Sallum\u00a0 O secret\u00e1rio executivo do Minist\u00e9rio da Justi\u00e7a e ex-interventor na Seguran\u00e7a P\u00fablica do DF, Ricardo Capelli, recebeu liga\u00e7\u00e3o de Ibaneis Rocha hoje. &#8220;Me parabenizou pela condu\u00e7\u00e3o da interven\u00e7\u00e3o federal na seguran\u00e7a p\u00fablica do DF. O povo espera dos governantes uni\u00e3o e trabalho. O bem da nossa querida capital federal \u00e9 o mais importante. Desejo sucesso neste seu [&hellip;]<\/p>\n","protected":false},"author":125,"featured_media":12227,"comment_status":"open","ping_status":"open","sticky":false,"template":"","format":"standard","meta":{"footnotes":""},"categories":[6],"tags":[1911,1910,70],"class_list":["post-12224","post","type-post","status-publish","format-standard","has-post-thumbnail","hentry","category-coluna-capital-s-a","tag-parabenizacao","tag-ricardocapelli","tag-ibaneis"],"_links":{"self":[{"href":"https:\/\/blogs.correiobraziliense.com.br\/capital-sa\/wp-json\/wp\/v2\/posts\/12224","targetHints":{"allow":["GET"]}}],"collection":[{"href":"https:\/\/blogs.correiobraziliense.com.br\/capital-sa\/wp-json\/wp\/v2\/posts"}],"about":[{"href":"https:\/\/blogs.correiobraziliense.com.br\/capital-sa\/wp-json\/wp\/v2\/types\/post"}],"author":[{"embeddable":true,"href":"https:\/\/blogs.correiobraziliense.com.br\/capital-sa\/wp-json\/wp\/v2\/users\/125"}],"replies":[{"embeddable":true,"href":"https:\/\/blogs.correiobraziliense.com.br\/capital-sa\/wp-json\/wp\/v2\/comments?post=12224"}],"version-history":[{"count":7,"href":"https:\/\/blogs.correiobraziliense.com.br\/capital-sa\/wp-json\/wp\/v2\/posts\/12224\/revisions"}],"predecessor-version":[{"id":12290,"href":"https:\/\/blogs.correiobraziliense.com.br\/capital-sa\/wp-json\/wp\/v2\/posts\/12224\/revisions\/12290"}],"wp:featuredmedia":[{"embeddable":true,"href":"https:\/\/blogs.correiobraziliense.com.br\/capital-sa\/wp-json\/wp\/v2\/media\/12227"}],"wp:attachment":[{"href":"https:\/\/blogs.correiobraziliense.com.br\/capital-sa\/wp-json\/wp\/v2\/media?parent=12224"}],"wp:term":[{"taxonomy":"category","embeddable":true,"href":"https:\/\/blogs.correiobraziliense.com.br\/capital-sa\/wp-json\/wp\/v2\/categories?post=12224"},{"taxonomy":"post_tag","embeddable":true,"href":"https:\/\/blogs.correiobraziliense.com.br\/capital-sa\/wp-json\/wp\/v2\/tags?post=12224"}],"curies":[{"name":"wp","href":"https:\/\/api.w.org\/{rel}","templated":true}]}}