{"id":1222,"date":"2021-01-06T08:15:54","date_gmt":"2021-01-06T11:15:54","guid":{"rendered":"https:\/\/blogs.correiobraziliense.com.br\/capital-sa\/?p=1222"},"modified":"2021-01-05T20:37:39","modified_gmt":"2021-01-05T23:37:39","slug":"ballet-norma-lillia-dara-lugar-a-restaurante","status":"publish","type":"post","link":"https:\/\/blogs.correiobraziliense.com.br\/capital-sa\/2021\/01\/06\/ballet-norma-lillia-dara-lugar-a-restaurante\/","title":{"rendered":"Ballet Norma Lillia dar\u00e1 lugar a restaurante"},"content":{"rendered":"<p>O local que, por quase 50 anos, foi o endere\u00e7o da dan\u00e7a em Bras\u00edlia, na 108 Sul, ser\u00e1 ocupado pelo restaurante Vasto, do grupo Coco Bambu. O pr\u00e9dio, de dois andares, que sediou o Ballet Norma Lillia Biavaty, passar\u00e1 por reformas para abrigar a segunda unidade do Vasto, com capacidade para 240 lugares.<\/p>\n<p>A fam\u00edlia decidiu vender o espa\u00e7o e fechar a escola de dan\u00e7a. A bailarina Norma Lillia, de 74 anos, est\u00e1 afastada da escola h\u00e1 3 anos e mora em Porto Alegre com um dos filhos.<\/p>\n<p>O local j\u00e1 foi um restaurante antes de sediar o Ballet. Na \u00e9poca da constru\u00e7\u00e3o de Bras\u00edlia, tinha uma cozinha e espa\u00e7o para servir refei\u00e7\u00f5es aos candangos.<\/p>\n<h3><\/h3>\n<h3>Palco para m\u00fasica<\/h3>\n<p><img loading=\"lazy\" decoding=\"async\" class=\"aligncenter size-medium wp-image-1223\" src=\"https:\/\/blogs.correiobraziliense.com.br\/capital-sa\/wp-content\/uploads\/sites\/59\/2021\/01\/vas-200x300.jpg\" alt=\"\" width=\"200\" height=\"300\" srcset=\"https:\/\/blogs.correiobraziliense.com.br\/capital-sa\/wp-content\/uploads\/sites\/59\/2021\/01\/vas-200x300.jpg 200w, https:\/\/blogs.correiobraziliense.com.br\/capital-sa\/wp-content\/uploads\/sites\/59\/2021\/01\/vas.jpg 550w, https:\/\/blogs.correiobraziliense.com.br\/capital-sa\/wp-content\/uploads\/sites\/59\/2021\/01\/vas-230x345.jpg 230w\" sizes=\"auto, (max-width: 200px) 100vw, 200px\" \/><\/p>\n<p>Agora passar\u00e1 por uma reforma para receber uma nova cozinha. A capacidade de atendimento ser\u00e1 o dobro da unidade do Bras\u00edlia Shopping, em funcionamento desde mar\u00e7o do ano passado. E ter\u00e1 um diferencial. A identidade visual ser\u00e1 a mesma, mas no Vasto da Asa Sul haver\u00e1 um palco para m\u00fasicos. A inaugura\u00e7\u00e3o est\u00e1 prevista para agosto.<\/p>\n<p>\u201cQueremos oferecer m\u00fasica ao vivo, um bom jazz, deixando o ambiente ainda mais charmoso\u201d, adianta Beto Pinheiro, um dos s\u00f3cios da marca. O Vasto conta com uma proposta mais sofisticada de ambiente e de card\u00e1pio, que tem como maior atra\u00e7\u00e3o os cortes especiais de carne.<\/p>\n<h3><\/h3>\n<h3>Boa localiza\u00e7\u00e3o<\/h3>\n<p>Beto reverencia a tradi\u00e7\u00e3o do endere\u00e7o, t\u00e3o importante para a hist\u00f3ria de Bras\u00edlia. \u201cFicamos entre dois espa\u00e7os, mas este nos pareceu o melhor, uma grande oportunidade pela localiza\u00e7\u00e3o\u201d, conta.<\/p>\n<h3><\/h3>\n<h3>Otimismo<\/h3>\n<p>O grupo Coco Bambu reafirma os planos de expans\u00e3o no DF, onde j\u00e1 tem 5 casas. \u201cApesar da crise, continuamos acreditando em Bras\u00edlia e no Brasil. Estamos otimistas. Esperamos que a vacina\u00e7\u00e3o melhore o cen\u00e1rio, deixe as pessoas mais seguras. E continuamos adotando todos os protocolos de preven\u00e7\u00e3o contra o coronav\u00edrus.\u201d<\/p>\n<p>&nbsp;<\/p>\n","protected":false},"excerpt":{"rendered":"<p>O local que, por quase 50 anos, foi o endere\u00e7o da dan\u00e7a em Bras\u00edlia, na 108 Sul, ser\u00e1 ocupado pelo restaurante Vasto, do grupo Coco Bambu. O pr\u00e9dio, de dois andares, que sediou o Ballet Norma Lillia Biavaty, passar\u00e1 por reformas para abrigar a segunda unidade do Vasto, com capacidade para 240 lugares. A fam\u00edlia decidiu vender o espa\u00e7o e [&hellip;]<\/p>\n","protected":false},"author":125,"featured_media":1224,"comment_status":"open","ping_status":"open","sticky":false,"template":"","format":"standard","meta":{"footnotes":""},"categories":[6],"tags":[393,392,395,374,396,397,127,394],"class_list":["post-1222","post","type-post","status-publish","format-standard","has-post-thumbnail","hentry","category-coluna-capital-s-a","tag-ballet","tag-balletnormalillia","tag-cocobambu","tag-expansao","tag-localizacao","tag-normalillia","tag-restaurante","tag-vasto"],"_links":{"self":[{"href":"https:\/\/blogs.correiobraziliense.com.br\/capital-sa\/wp-json\/wp\/v2\/posts\/1222","targetHints":{"allow":["GET"]}}],"collection":[{"href":"https:\/\/blogs.correiobraziliense.com.br\/capital-sa\/wp-json\/wp\/v2\/posts"}],"about":[{"href":"https:\/\/blogs.correiobraziliense.com.br\/capital-sa\/wp-json\/wp\/v2\/types\/post"}],"author":[{"embeddable":true,"href":"https:\/\/blogs.correiobraziliense.com.br\/capital-sa\/wp-json\/wp\/v2\/users\/125"}],"replies":[{"embeddable":true,"href":"https:\/\/blogs.correiobraziliense.com.br\/capital-sa\/wp-json\/wp\/v2\/comments?post=1222"}],"version-history":[{"count":2,"href":"https:\/\/blogs.correiobraziliense.com.br\/capital-sa\/wp-json\/wp\/v2\/posts\/1222\/revisions"}],"predecessor-version":[{"id":1233,"href":"https:\/\/blogs.correiobraziliense.com.br\/capital-sa\/wp-json\/wp\/v2\/posts\/1222\/revisions\/1233"}],"wp:featuredmedia":[{"embeddable":true,"href":"https:\/\/blogs.correiobraziliense.com.br\/capital-sa\/wp-json\/wp\/v2\/media\/1224"}],"wp:attachment":[{"href":"https:\/\/blogs.correiobraziliense.com.br\/capital-sa\/wp-json\/wp\/v2\/media?parent=1222"}],"wp:term":[{"taxonomy":"category","embeddable":true,"href":"https:\/\/blogs.correiobraziliense.com.br\/capital-sa\/wp-json\/wp\/v2\/categories?post=1222"},{"taxonomy":"post_tag","embeddable":true,"href":"https:\/\/blogs.correiobraziliense.com.br\/capital-sa\/wp-json\/wp\/v2\/tags?post=1222"}],"curies":[{"name":"wp","href":"https:\/\/api.w.org\/{rel}","templated":true}]}}