{"id":12143,"date":"2023-03-11T18:35:29","date_gmt":"2023-03-11T21:35:29","guid":{"rendered":"https:\/\/blogs.correiobraziliense.com.br\/capital-sa\/?p=12143"},"modified":"2023-03-16T13:19:19","modified_gmt":"2023-03-16T16:19:19","slug":"a-aforista-no-ccbb","status":"publish","type":"post","link":"https:\/\/blogs.correiobraziliense.com.br\/capital-sa\/2023\/03\/11\/a-aforista-no-ccbb\/","title":{"rendered":"A Aforista no CCBB"},"content":{"rendered":"<p class=\"p1\"><b>Por Samanta Sallum\u00a0<\/b><\/p>\n<p class=\"p1\"><span class=\"s2\">Em cena, uma mulher e o duelo entre dois pianos, tocados ao vivo, que d\u00e3o o tom da narrativa<\/span><span class=\"s1\">. O texto do dramaturgo e diretor curitibano <\/span><span class=\"s3\">Marcos Damaceno<\/span><span class=\"s1\"> (Pr\u00eamio Shell de dramaturgia por <\/span><em><span class=\"s2\">Homem ao Vento<\/span><\/em><span class=\"s1\">) traz <\/span><span class=\"s3\">Rosana Stavis como protagonista<\/span><span class=\"s1\"> (apontada pela cr\u00edtica como uma das melhores atrizes do teatro brasileiro), <\/span><em><span class=\"s3\"> A Aforista<\/span><\/em><span class=\"s1\"> estar\u00e1\u00a0 em cartaz no Teatro do CCBB Bras\u00edlia entre 16 de mar\u00e7o e 9 de abril.<br \/>\n<\/span><\/p>\n<p class=\"p1\"><span class=\"s1\">O espet\u00e1culo, que estreou no Rio de Janeiro, segue em turn\u00ea pelos CCBB Belo Horizonte e S\u00e3o Paulo.<\/span><\/p>\n","protected":false},"excerpt":{"rendered":"<p>Por Samanta Sallum\u00a0 Em cena, uma mulher e o duelo entre dois pianos, tocados ao vivo, que d\u00e3o o tom da narrativa. O texto do dramaturgo e diretor curitibano Marcos Damaceno (Pr\u00eamio Shell de dramaturgia por Homem ao Vento) traz Rosana Stavis como protagonista (apontada pela cr\u00edtica como uma das melhores atrizes do teatro brasileiro), A Aforista estar\u00e1\u00a0 em cartaz [&hellip;]<\/p>\n","protected":false},"author":125,"featured_media":12146,"comment_status":"open","ping_status":"open","sticky":false,"template":"","format":"standard","meta":{"footnotes":""},"categories":[6],"tags":[1897,1898,1899,459],"class_list":["post-12143","post","type-post","status-publish","format-standard","has-post-thumbnail","hentry","category-coluna-capital-s-a","tag-aaforista","tag-ccbb","tag-rosanastavis","tag-teatro"],"_links":{"self":[{"href":"https:\/\/blogs.correiobraziliense.com.br\/capital-sa\/wp-json\/wp\/v2\/posts\/12143","targetHints":{"allow":["GET"]}}],"collection":[{"href":"https:\/\/blogs.correiobraziliense.com.br\/capital-sa\/wp-json\/wp\/v2\/posts"}],"about":[{"href":"https:\/\/blogs.correiobraziliense.com.br\/capital-sa\/wp-json\/wp\/v2\/types\/post"}],"author":[{"embeddable":true,"href":"https:\/\/blogs.correiobraziliense.com.br\/capital-sa\/wp-json\/wp\/v2\/users\/125"}],"replies":[{"embeddable":true,"href":"https:\/\/blogs.correiobraziliense.com.br\/capital-sa\/wp-json\/wp\/v2\/comments?post=12143"}],"version-history":[{"count":4,"href":"https:\/\/blogs.correiobraziliense.com.br\/capital-sa\/wp-json\/wp\/v2\/posts\/12143\/revisions"}],"predecessor-version":[{"id":12207,"href":"https:\/\/blogs.correiobraziliense.com.br\/capital-sa\/wp-json\/wp\/v2\/posts\/12143\/revisions\/12207"}],"wp:featuredmedia":[{"embeddable":true,"href":"https:\/\/blogs.correiobraziliense.com.br\/capital-sa\/wp-json\/wp\/v2\/media\/12146"}],"wp:attachment":[{"href":"https:\/\/blogs.correiobraziliense.com.br\/capital-sa\/wp-json\/wp\/v2\/media?parent=12143"}],"wp:term":[{"taxonomy":"category","embeddable":true,"href":"https:\/\/blogs.correiobraziliense.com.br\/capital-sa\/wp-json\/wp\/v2\/categories?post=12143"},{"taxonomy":"post_tag","embeddable":true,"href":"https:\/\/blogs.correiobraziliense.com.br\/capital-sa\/wp-json\/wp\/v2\/tags?post=12143"}],"curies":[{"name":"wp","href":"https:\/\/api.w.org\/{rel}","templated":true}]}}