{"id":12102,"date":"2023-03-08T22:22:03","date_gmt":"2023-03-09T01:22:03","guid":{"rendered":"https:\/\/blogs.correiobraziliense.com.br\/capital-sa\/?p=12102"},"modified":"2023-03-10T10:50:21","modified_gmt":"2023-03-10T13:50:21","slug":"mulheres-representam-1-4-da-forca-de-trabalho-na-industria","status":"publish","type":"post","link":"https:\/\/blogs.correiobraziliense.com.br\/capital-sa\/2023\/03\/08\/mulheres-representam-1-4-da-forca-de-trabalho-na-industria\/","title":{"rendered":"Mulheres representam 1\/4 da for\u00e7a de trabalho na ind\u00fastria"},"content":{"rendered":"<p><b>Por Samanta Sallum\u00a0<\/b><\/p>\n<div>\n<div class=\"gmail_quote\">\n<p>Atualmente, as mulheres respondem a cerca de 25% da for\u00e7a de trabalho na ind\u00fastria nacional. Vem avan\u00e7ando a participa\u00e7\u00e3o delas no setor, mas o presidente da CNI, Robson Braga, afirma que \u00e9 preciso avan\u00e7ar mais. &#8220;\u00c9 necess\u00e1rio ampliar medidas concretas para chegarmos a um cen\u00e1rio de igualdade&#8221;, disse. Nos cargos de chefia, ocupam apenas 29% das cadeiras.<\/p>\n<p><b>Na linha de produ\u00e7\u00e3o\u00a0<\/b><\/p>\n<\/div>\n<div>E<span style=\"font-size: large\">studo da Confedera\u00e7\u00e3o Nacional da Ind\u00fastria sobre a implementa\u00e7\u00e3o de pol\u00edticas de promo\u00e7\u00e3o \u00e0 diversidade de g\u00eanero pelo setor Oxfordmostra que 40% das empresas industriais que possuem at\u00e9 49 colaboradores possuem mulheres contratadas na linha de produ\u00e7\u00e3o.<\/span><\/div>\n<\/div>\n<div class=\"gmail_quote\">\n<p><b>Vendas e gest\u00e3o<\/b><\/p>\n<\/div>\n<div class=\"gmail_quote\"><span style=\"font-size: large\">O levantamento aponta que 98% das ind\u00fastrias de pequeno porte empregam mulheres em suas organiza\u00e7\u00f5es. Em 85% dessas empresas, o trabalho feminino est\u00e1 presente em \u00e1reas e departamentos como o administrativo ou o financeiro. Tamb\u00e9m s\u00e3o mais contratadas no departamento de vendas (38%), gest\u00e3o (17%) e marketing (17%).<\/span><\/div>\n<p class=\"p1\"><span class=\"s1\"><b>Parceria entre a CNI e a Oxford<\/b><\/span><\/p>\n<p><img loading=\"lazy\" decoding=\"async\" class=\"aligncenter size-medium wp-image-12109\" src=\"https:\/\/blogs.correiobraziliense.com.br\/capital-sa\/wp-content\/uploads\/sites\/59\/2023\/03\/C50B6C5C-6F8F-4A7E-A057-11EF0D090B54-300x226.jpeg\" alt=\"\" width=\"300\" height=\"226\" srcset=\"https:\/\/blogs.correiobraziliense.com.br\/capital-sa\/wp-content\/uploads\/sites\/59\/2023\/03\/C50B6C5C-6F8F-4A7E-A057-11EF0D090B54-300x226.jpeg 300w, https:\/\/blogs.correiobraziliense.com.br\/capital-sa\/wp-content\/uploads\/sites\/59\/2023\/03\/C50B6C5C-6F8F-4A7E-A057-11EF0D090B54-550x415.jpeg 550w, https:\/\/blogs.correiobraziliense.com.br\/capital-sa\/wp-content\/uploads\/sites\/59\/2023\/03\/C50B6C5C-6F8F-4A7E-A057-11EF0D090B54-230x173.jpeg 230w, https:\/\/blogs.correiobraziliense.com.br\/capital-sa\/wp-content\/uploads\/sites\/59\/2023\/03\/C50B6C5C-6F8F-4A7E-A057-11EF0D090B54.jpeg 638w\" sizes=\"auto, (max-width: 300px) 100vw, 300px\" \/><\/p>\n<p class=\"p1\"><span class=\"s1\">A confedera\u00e7\u00e3o firmou, nesta semana, uma parceria com a Escola Sa\u00efd de Neg\u00f3cios, uma das 38 institui\u00e7\u00f5es que comp\u00f5em a Universidade de Oxford, para aproximar empresas e institui\u00e7\u00f5es brasileiras de ci\u00eancia, tecnologia e inova\u00e7\u00e3o de contrapartes brit\u00e2nicas. O acordo inclui ainda a colabora\u00e7\u00e3o em pesquisas, estudos e propostas de pol\u00edticas p\u00fablicas.<\/span><\/p>\n<p class=\"p1\"><span class=\"s1\"><b>Comit\u00ea de inova\u00e7\u00e3o<\/b><\/span><\/p>\n<p class=\"p1\"><span class=\"s1\"> A assinatura ocorreu ontem durante o encerramento da primeira reuni\u00e3o do Comit\u00ea Consultivo Internacional da Mobiliza\u00e7\u00e3o Empresarial pela Inova\u00e7\u00e3o, realizada em Oxford. O grupo \u00e9 composto por 8 especialistas internacionais e far\u00e1 recomenda\u00e7\u00f5es peri\u00f3dicas para aperfei\u00e7oar o ecossistema de inova\u00e7\u00e3o no Brasil.<\/span><\/p>\n<p class=\"p1\"><span class=\"s1\"> O acordo foi assinado pelo presidente da CNI, Robson Braga de Andrade, e por Soumitra Dutta, atual reitor da Escola Sa\u00efd de Neg\u00f3cios de Oxford e l\u00edder do novo comit\u00ea da MEI.<\/span><\/p>\n","protected":false},"excerpt":{"rendered":"<p>Por Samanta Sallum\u00a0 Atualmente, as mulheres respondem a cerca de 25% da for\u00e7a de trabalho na ind\u00fastria nacional. Vem avan\u00e7ando a participa\u00e7\u00e3o delas no setor, mas o presidente da CNI, Robson Braga, afirma que \u00e9 preciso avan\u00e7ar mais. &#8220;\u00c9 necess\u00e1rio ampliar medidas concretas para chegarmos a um cen\u00e1rio de igualdade&#8221;, disse. Nos cargos de chefia, ocupam apenas 29% das cadeiras. [&hellip;]<\/p>\n","protected":false},"author":125,"featured_media":12110,"comment_status":"open","ping_status":"open","sticky":false,"template":"","format":"standard","meta":{"footnotes":""},"categories":[6],"tags":[103,1881,64,60],"class_list":["post-12102","post","type-post","status-publish","format-standard","has-post-thumbnail","hentry","category-coluna-capital-s-a","tag-mulheres","tag-oxford","tag-cni","tag-industria"],"_links":{"self":[{"href":"https:\/\/blogs.correiobraziliense.com.br\/capital-sa\/wp-json\/wp\/v2\/posts\/12102","targetHints":{"allow":["GET"]}}],"collection":[{"href":"https:\/\/blogs.correiobraziliense.com.br\/capital-sa\/wp-json\/wp\/v2\/posts"}],"about":[{"href":"https:\/\/blogs.correiobraziliense.com.br\/capital-sa\/wp-json\/wp\/v2\/types\/post"}],"author":[{"embeddable":true,"href":"https:\/\/blogs.correiobraziliense.com.br\/capital-sa\/wp-json\/wp\/v2\/users\/125"}],"replies":[{"embeddable":true,"href":"https:\/\/blogs.correiobraziliense.com.br\/capital-sa\/wp-json\/wp\/v2\/comments?post=12102"}],"version-history":[{"count":7,"href":"https:\/\/blogs.correiobraziliense.com.br\/capital-sa\/wp-json\/wp\/v2\/posts\/12102\/revisions"}],"predecessor-version":[{"id":12126,"href":"https:\/\/blogs.correiobraziliense.com.br\/capital-sa\/wp-json\/wp\/v2\/posts\/12102\/revisions\/12126"}],"wp:featuredmedia":[{"embeddable":true,"href":"https:\/\/blogs.correiobraziliense.com.br\/capital-sa\/wp-json\/wp\/v2\/media\/12110"}],"wp:attachment":[{"href":"https:\/\/blogs.correiobraziliense.com.br\/capital-sa\/wp-json\/wp\/v2\/media?parent=12102"}],"wp:term":[{"taxonomy":"category","embeddable":true,"href":"https:\/\/blogs.correiobraziliense.com.br\/capital-sa\/wp-json\/wp\/v2\/categories?post=12102"},{"taxonomy":"post_tag","embeddable":true,"href":"https:\/\/blogs.correiobraziliense.com.br\/capital-sa\/wp-json\/wp\/v2\/tags?post=12102"}],"curies":[{"name":"wp","href":"https:\/\/api.w.org\/{rel}","templated":true}]}}