{"id":12054,"date":"2023-03-06T14:20:23","date_gmt":"2023-03-06T17:20:23","guid":{"rendered":"https:\/\/blogs.correiobraziliense.com.br\/capital-sa\/?p=12054"},"modified":"2023-03-10T10:56:51","modified_gmt":"2023-03-10T13:56:51","slug":"lei-de-incentivo-ao-esporte-com-abatimento-de-impostos-sera-criada-no-df","status":"publish","type":"post","link":"https:\/\/blogs.correiobraziliense.com.br\/capital-sa\/2023\/03\/06\/lei-de-incentivo-ao-esporte-com-abatimento-de-impostos-sera-criada-no-df\/","title":{"rendered":"Lei de Incentivo ao Esporte, com abatimento de impostos, ser\u00e1 criada no DF"},"content":{"rendered":"<p class=\"p1\"><em>Pacote de medidas inclui ainda bolsa-t\u00e9cnico e\u00a0<span class=\"s1\">equipara\u00e7\u00e3o entre ol\u00edmpica e paraol\u00edmpica<\/span><\/em><\/p>\n<p class=\"p1\"><strong><span class=\"s1\">Por Samanta Sallum <\/span><\/strong><\/p>\n<p class=\"p1\"><span class=\"s1\">Nos moldes da Lei de Incentivo \u00e0 Cultura, o Governo do Distrito Federal enviar\u00e1 \u00e0 C\u00e2mara Legislativa projeto de lei para criar a do Esporte. O deputado federal J\u00falio C\u00e9sar Ribeiro (Republicanos) reassumiu hoje a Secretaria de\u00a0<\/span>Esportes e Lazer. Adiantou, ao programa <em>CB.Poder<\/em>, parceria da TV Bras\u00edlia e do <strong>Correio<\/strong>, um pacote de medidas.<\/p>\n<p>Com a aprova\u00e7\u00e3o da lei, empresas que investirem em atletas ter\u00e3o abatimento de ISS e ICMS, que s\u00e3o tributos cobrados pelo GDF. Ser\u00e1 realizada uma reuni\u00e3o com a Secretaria de Planejamento para definir os detalhes.<\/p>\n<p class=\"p1\"><span class=\"s1\">Tamb\u00e9m ser\u00e3o enviados, para aprecia\u00e7\u00e3o dos deputados distritais, outros dois projetos. Um que cria a bolsa-t\u00e9cnico, um aux\u00edlio financeiro para os que se dedicam a atividade de treinador. E o que vai equiparar os valores da bolsa paraol\u00edmpica com a ol\u00edmpica, que hoje \u00e9 maior.<\/span><\/p>\n<p class=\"p1\"><span class=\"s1\">Atualmente, os valores pagos variam de R$ 500 a R$ 1,5 mil. &#8220;Num segundo momento, vamos trabalhar para conseguir tamb\u00e9m reajustar esses valores&#8221;, destacou o secret\u00e1rio.<\/span><\/p>\n<p class=\"p1\"><span class=\"s1\">Segundo J\u00falio C\u00e9sar, as propostas v\u00eam para ajudar a manter os talentos do esporte brasiliense na capital federal. &#8220;Queremos valorizar e apoiar nosso talentos. E vamos batalhar para trazer cada vez mais eventos e competi\u00e7\u00f5es de porte nacional para a cidade&#8221;, refor\u00e7ou.<\/span><\/p>\n<p>Veja a \u00edntegra da entrevista no YouTube do <strong>Correio<\/strong> e na edi\u00e7\u00e3o de amanh\u00e3 do jornal impresso.<\/p>\n","protected":false},"excerpt":{"rendered":"<p>Pacote de medidas inclui ainda bolsa-t\u00e9cnico e\u00a0equipara\u00e7\u00e3o entre ol\u00edmpica e paraol\u00edmpica Por Samanta Sallum Nos moldes da Lei de Incentivo \u00e0 Cultura, o Governo do Distrito Federal enviar\u00e1 \u00e0 C\u00e2mara Legislativa projeto de lei para criar a do Esporte. O deputado federal J\u00falio C\u00e9sar Ribeiro (Republicanos) reassumiu hoje a Secretaria de\u00a0Esportes e Lazer. Adiantou, ao programa CB.Poder, parceria da TV [&hellip;]<\/p>\n","protected":false},"author":125,"featured_media":12062,"comment_status":"open","ping_status":"open","sticky":false,"template":"","format":"standard","meta":{"footnotes":""},"categories":[6],"tags":[1886,496,1887],"class_list":["post-12054","post","type-post","status-publish","format-standard","has-post-thumbnail","hentry","category-coluna-capital-s-a","tag-bolsatecnico","tag-impostos","tag-leideincentivoaoesporte"],"_links":{"self":[{"href":"https:\/\/blogs.correiobraziliense.com.br\/capital-sa\/wp-json\/wp\/v2\/posts\/12054","targetHints":{"allow":["GET"]}}],"collection":[{"href":"https:\/\/blogs.correiobraziliense.com.br\/capital-sa\/wp-json\/wp\/v2\/posts"}],"about":[{"href":"https:\/\/blogs.correiobraziliense.com.br\/capital-sa\/wp-json\/wp\/v2\/types\/post"}],"author":[{"embeddable":true,"href":"https:\/\/blogs.correiobraziliense.com.br\/capital-sa\/wp-json\/wp\/v2\/users\/125"}],"replies":[{"embeddable":true,"href":"https:\/\/blogs.correiobraziliense.com.br\/capital-sa\/wp-json\/wp\/v2\/comments?post=12054"}],"version-history":[{"count":8,"href":"https:\/\/blogs.correiobraziliense.com.br\/capital-sa\/wp-json\/wp\/v2\/posts\/12054\/revisions"}],"predecessor-version":[{"id":12128,"href":"https:\/\/blogs.correiobraziliense.com.br\/capital-sa\/wp-json\/wp\/v2\/posts\/12054\/revisions\/12128"}],"wp:featuredmedia":[{"embeddable":true,"href":"https:\/\/blogs.correiobraziliense.com.br\/capital-sa\/wp-json\/wp\/v2\/media\/12062"}],"wp:attachment":[{"href":"https:\/\/blogs.correiobraziliense.com.br\/capital-sa\/wp-json\/wp\/v2\/media?parent=12054"}],"wp:term":[{"taxonomy":"category","embeddable":true,"href":"https:\/\/blogs.correiobraziliense.com.br\/capital-sa\/wp-json\/wp\/v2\/categories?post=12054"},{"taxonomy":"post_tag","embeddable":true,"href":"https:\/\/blogs.correiobraziliense.com.br\/capital-sa\/wp-json\/wp\/v2\/tags?post=12054"}],"curies":[{"name":"wp","href":"https:\/\/api.w.org\/{rel}","templated":true}]}}