{"id":12032,"date":"2023-03-03T14:52:49","date_gmt":"2023-03-03T17:52:49","guid":{"rendered":"https:\/\/blogs.correiobraziliense.com.br\/capital-sa\/?p=12032"},"modified":"2023-03-10T11:04:58","modified_gmt":"2023-03-10T14:04:58","slug":"grupo-empresarios-em-acao-se-reune-para-definir-demandas-do-setor","status":"publish","type":"post","link":"https:\/\/blogs.correiobraziliense.com.br\/capital-sa\/2023\/03\/03\/grupo-empresarios-em-acao-se-reune-para-definir-demandas-do-setor\/","title":{"rendered":"Grupo Empres\u00e1rios em A\u00e7\u00e3o se re\u00fane para definir demandas do setor"},"content":{"rendered":"<p><b>Por Samanta Sallum\u00a0<\/b><\/p>\n<p class=\"p1\">Cerca de 200 empres\u00e1rios se reuniram ontem para um almo\u00e7o de trabalho. O objetivo foi ouvir as principais demandas do setor produtivo do Distrito Federal, especialmente do com\u00e9rcio varejista.<\/p>\n<p class=\"p1\">O evento foi uma iniciativa do presidente do Sindivarejista e 1\u00ba vice-presidente da Fecom\u00e9rcio, Sebasti\u00e3o Abritta. O movimento tamb\u00e9m contou com a participa\u00e7\u00e3o do ex-presidente do sindicato e fundador do grupo Empres\u00e1rios em A\u00e7\u00e3o, Edson de Castro.<\/p>\n<p class=\"p1\">O encontro, no Vers\u00e1 Restaurante (N\u00facleo Bandeirante), foi bastante prestigiado. Representantes dos mais variados segmentos estiveram presentes, como Paulo Octavio (Lide\/DF), \u00c1lvaro Silveira (SindiAtacadista), Fernando C\u00e9zar Ribeiro (Federa\u00e7\u00e3o da Agricultura), Leonardo \u00c1vila (Codese), Wagner da Silveira (CDL), Ant\u00f4nio Matias (Rede Cascol), entre outros.<\/p>\n<p><img loading=\"lazy\" decoding=\"async\" class=\"aligncenter size-medium wp-image-12038\" src=\"https:\/\/blogs.correiobraziliense.com.br\/capital-sa\/wp-content\/uploads\/sites\/59\/2023\/03\/F423A479-03FF-4209-82CF-A0F2F60FCA56-300x200.jpeg\" alt=\"\" width=\"300\" height=\"200\" srcset=\"https:\/\/blogs.correiobraziliense.com.br\/capital-sa\/wp-content\/uploads\/sites\/59\/2023\/03\/F423A479-03FF-4209-82CF-A0F2F60FCA56-300x200.jpeg 300w, https:\/\/blogs.correiobraziliense.com.br\/capital-sa\/wp-content\/uploads\/sites\/59\/2023\/03\/F423A479-03FF-4209-82CF-A0F2F60FCA56-768x512.jpeg 768w, https:\/\/blogs.correiobraziliense.com.br\/capital-sa\/wp-content\/uploads\/sites\/59\/2023\/03\/F423A479-03FF-4209-82CF-A0F2F60FCA56-1024x682.jpeg 1024w, https:\/\/blogs.correiobraziliense.com.br\/capital-sa\/wp-content\/uploads\/sites\/59\/2023\/03\/F423A479-03FF-4209-82CF-A0F2F60FCA56-1440x959.jpeg 1440w, https:\/\/blogs.correiobraziliense.com.br\/capital-sa\/wp-content\/uploads\/sites\/59\/2023\/03\/F423A479-03FF-4209-82CF-A0F2F60FCA56-800x533.jpeg 800w, https:\/\/blogs.correiobraziliense.com.br\/capital-sa\/wp-content\/uploads\/sites\/59\/2023\/03\/F423A479-03FF-4209-82CF-A0F2F60FCA56-550x366.jpeg 550w, https:\/\/blogs.correiobraziliense.com.br\/capital-sa\/wp-content\/uploads\/sites\/59\/2023\/03\/F423A479-03FF-4209-82CF-A0F2F60FCA56-230x153.jpeg 230w, https:\/\/blogs.correiobraziliense.com.br\/capital-sa\/wp-content\/uploads\/sites\/59\/2023\/03\/F423A479-03FF-4209-82CF-A0F2F60FCA56.jpeg 1600w\" sizes=\"auto, (max-width: 300px) 100vw, 300px\" \/><\/p>\n<p class=\"p1\"><span class=\"s1\"><b>Uni\u00e3o <\/b><\/span><\/p>\n<blockquote>\n<p class=\"p1\"><span class=\"s1\">&#8220;O encontro mostrou a uni\u00e3o do grupo Empres\u00e1rios em A\u00e7\u00e3o, e teve o objetivo de levantar os interesses e pleitos dos empres\u00e1rios pass\u00edveis de atendimento neste ano. Vamos elencar as demandas e encaminh\u00e1-las ao governo local&#8221;, destacou Abritta.<\/span><\/p>\n<p>&nbsp;<\/p><\/blockquote>\n<p class=\"p1\"><span class=\"s1\"><img loading=\"lazy\" decoding=\"async\" class=\"aligncenter size-medium wp-image-12041\" src=\"https:\/\/blogs.correiobraziliense.com.br\/capital-sa\/wp-content\/uploads\/sites\/59\/2023\/03\/F935819C-E8E1-4E03-9808-4E9CFEBABCCC-300x200.jpeg\" alt=\"\" width=\"300\" height=\"200\" srcset=\"https:\/\/blogs.correiobraziliense.com.br\/capital-sa\/wp-content\/uploads\/sites\/59\/2023\/03\/F935819C-E8E1-4E03-9808-4E9CFEBABCCC-300x200.jpeg 300w, https:\/\/blogs.correiobraziliense.com.br\/capital-sa\/wp-content\/uploads\/sites\/59\/2023\/03\/F935819C-E8E1-4E03-9808-4E9CFEBABCCC-768x512.jpeg 768w, https:\/\/blogs.correiobraziliense.com.br\/capital-sa\/wp-content\/uploads\/sites\/59\/2023\/03\/F935819C-E8E1-4E03-9808-4E9CFEBABCCC-1024x682.jpeg 1024w, https:\/\/blogs.correiobraziliense.com.br\/capital-sa\/wp-content\/uploads\/sites\/59\/2023\/03\/F935819C-E8E1-4E03-9808-4E9CFEBABCCC-1440x959.jpeg 1440w, https:\/\/blogs.correiobraziliense.com.br\/capital-sa\/wp-content\/uploads\/sites\/59\/2023\/03\/F935819C-E8E1-4E03-9808-4E9CFEBABCCC-800x533.jpeg 800w, https:\/\/blogs.correiobraziliense.com.br\/capital-sa\/wp-content\/uploads\/sites\/59\/2023\/03\/F935819C-E8E1-4E03-9808-4E9CFEBABCCC-550x366.jpeg 550w, https:\/\/blogs.correiobraziliense.com.br\/capital-sa\/wp-content\/uploads\/sites\/59\/2023\/03\/F935819C-E8E1-4E03-9808-4E9CFEBABCCC-230x153.jpeg 230w, https:\/\/blogs.correiobraziliense.com.br\/capital-sa\/wp-content\/uploads\/sites\/59\/2023\/03\/F935819C-E8E1-4E03-9808-4E9CFEBABCCC.jpeg 1600w\" sizes=\"auto, (max-width: 300px) 100vw, 300px\" \/><br \/>\nImportantes empres\u00e1rias do DF participaram do encontro. Entre elas, Janine Brito (Sindivarejista e Lide Mulher), Sandra Costa (grupo Sabin) e Laura Oliveira<span class=\"Apple-converted-space\">\u00a0 <\/span>(Grupo Levvo). A deputada distrital Paula Belmonte e a superintendente regional do Sebrae \/DF, Rose Rainha, tamb\u00e9m marcaram presen\u00e7a.<\/span><\/p>\n<p><img loading=\"lazy\" decoding=\"async\" class=\"aligncenter size-medium wp-image-12039\" src=\"https:\/\/blogs.correiobraziliense.com.br\/capital-sa\/wp-content\/uploads\/sites\/59\/2023\/03\/8C55E625-CBD4-47A1-85ED-32DCEE9DFD6F-300x176.jpeg\" alt=\"\" width=\"300\" height=\"176\" srcset=\"https:\/\/blogs.correiobraziliense.com.br\/capital-sa\/wp-content\/uploads\/sites\/59\/2023\/03\/8C55E625-CBD4-47A1-85ED-32DCEE9DFD6F-300x176.jpeg 300w, https:\/\/blogs.correiobraziliense.com.br\/capital-sa\/wp-content\/uploads\/sites\/59\/2023\/03\/8C55E625-CBD4-47A1-85ED-32DCEE9DFD6F-550x323.jpeg 550w, https:\/\/blogs.correiobraziliense.com.br\/capital-sa\/wp-content\/uploads\/sites\/59\/2023\/03\/8C55E625-CBD4-47A1-85ED-32DCEE9DFD6F-230x135.jpeg 230w, https:\/\/blogs.correiobraziliense.com.br\/capital-sa\/wp-content\/uploads\/sites\/59\/2023\/03\/8C55E625-CBD4-47A1-85ED-32DCEE9DFD6F.jpeg 636w\" sizes=\"auto, (max-width: 300px) 100vw, 300px\" \/><\/p>\n<p class=\"p1\"><span class=\"s1\"><b>Manifesto contra juros altos <\/b><\/span><\/p>\n<p class=\"p1\"><span class=\"s1\">O presidente do Sindivarejista fez um manifesto contra a atual pol\u00edtica monet\u00e1ria do Banco Central.<span class=\"Apple-converted-space\">\u00a0&#8220;<\/span>O Brasil hoje, o empresariado, n\u00e3o aguenta mais juros al\u00e9m de 6%. E tamb\u00e9m n\u00e3o aguenta essa inconst\u00e2ncia. Por exemplo, os juros chegaram a 6%, a 4,5%, e de uma hora para outra a taxa foi para um crescimento absurdo e a Selic alcan\u00e7ou 13,75%. Ent\u00e3o, como o empres\u00e1rio faz um planejamento? Isso trava o crescimento do pa\u00eds. Al\u00e9m de prejudicar o setor produtivo, penaliza o consumidor, que perde poder de compra&#8221;, apontou Sebasti\u00e3o Abritta.<\/span><\/p>\n<p>Segundo ele, h\u00e1 uma preocupa\u00e7\u00e3o com o aumento do desemprego no DF e que a manuten\u00e7\u00e3o de vagas no varejo est\u00e1 sob risco. &#8220;Os pequenos empres\u00e1rios do varejo s\u00e3o os que mais empregam. E, com esses juros altos, n\u00e3o aguentar\u00e3o sobreviver&#8221;, alerta.<\/p>\n","protected":false},"excerpt":{"rendered":"<p>Por Samanta Sallum\u00a0 Cerca de 200 empres\u00e1rios se reuniram ontem para um almo\u00e7o de trabalho. O objetivo foi ouvir as principais demandas do setor produtivo do Distrito Federal, especialmente do com\u00e9rcio varejista. O evento foi uma iniciativa do presidente do Sindivarejista e 1\u00ba vice-presidente da Fecom\u00e9rcio, Sebasti\u00e3o Abritta. O movimento tamb\u00e9m contou com a participa\u00e7\u00e3o do ex-presidente do sindicato e [&hellip;]<\/p>\n","protected":false},"author":125,"featured_media":12043,"comment_status":"open","ping_status":"open","sticky":false,"template":"","format":"standard","meta":{"footnotes":""},"categories":[6],"tags":[1056,161,1829,1890],"class_list":["post-12032","post","type-post","status-publish","format-standard","has-post-thumbnail","hentry","category-coluna-capital-s-a","tag-almoco","tag-empresarios","tag-juros","tag-setorvarejista"],"_links":{"self":[{"href":"https:\/\/blogs.correiobraziliense.com.br\/capital-sa\/wp-json\/wp\/v2\/posts\/12032","targetHints":{"allow":["GET"]}}],"collection":[{"href":"https:\/\/blogs.correiobraziliense.com.br\/capital-sa\/wp-json\/wp\/v2\/posts"}],"about":[{"href":"https:\/\/blogs.correiobraziliense.com.br\/capital-sa\/wp-json\/wp\/v2\/types\/post"}],"author":[{"embeddable":true,"href":"https:\/\/blogs.correiobraziliense.com.br\/capital-sa\/wp-json\/wp\/v2\/users\/125"}],"replies":[{"embeddable":true,"href":"https:\/\/blogs.correiobraziliense.com.br\/capital-sa\/wp-json\/wp\/v2\/comments?post=12032"}],"version-history":[{"count":7,"href":"https:\/\/blogs.correiobraziliense.com.br\/capital-sa\/wp-json\/wp\/v2\/posts\/12032\/revisions"}],"predecessor-version":[{"id":12132,"href":"https:\/\/blogs.correiobraziliense.com.br\/capital-sa\/wp-json\/wp\/v2\/posts\/12032\/revisions\/12132"}],"wp:featuredmedia":[{"embeddable":true,"href":"https:\/\/blogs.correiobraziliense.com.br\/capital-sa\/wp-json\/wp\/v2\/media\/12043"}],"wp:attachment":[{"href":"https:\/\/blogs.correiobraziliense.com.br\/capital-sa\/wp-json\/wp\/v2\/media?parent=12032"}],"wp:term":[{"taxonomy":"category","embeddable":true,"href":"https:\/\/blogs.correiobraziliense.com.br\/capital-sa\/wp-json\/wp\/v2\/categories?post=12032"},{"taxonomy":"post_tag","embeddable":true,"href":"https:\/\/blogs.correiobraziliense.com.br\/capital-sa\/wp-json\/wp\/v2\/tags?post=12032"}],"curies":[{"name":"wp","href":"https:\/\/api.w.org\/{rel}","templated":true}]}}