{"id":12002,"date":"2023-03-03T10:00:31","date_gmt":"2023-03-03T13:00:31","guid":{"rendered":"https:\/\/blogs.correiobraziliense.com.br\/capital-sa\/?p=12002"},"modified":"2023-03-10T11:38:01","modified_gmt":"2023-03-10T14:38:01","slug":"expansao-leva-grano-oliva-inforno-burger-e-cantucci-para-asa-sul-e-aguas-claras","status":"publish","type":"post","link":"https:\/\/blogs.correiobraziliense.com.br\/capital-sa\/2023\/03\/03\/expansao-leva-grano-oliva-inforno-burger-e-cantucci-para-asa-sul-e-aguas-claras\/","title":{"rendered":"Expans\u00e3o leva Grano &amp; Oliva, Inforno Burger e Cantucci para Asa Sul e \u00c1guas Claras"},"content":{"rendered":"<p class=\"p1\"><b>Por Samanta Sallum\u00a0<\/b><\/p>\n<p class=\"p1\"><span class=\"s1\">Mar\u00e7o marcar\u00e1 a expans\u00e3o das opera\u00e7\u00f5es da Grano &amp; Oliva e Inforno Burger, que s\u00e3o do mesmo quarteto de s\u00f3cios do restaurante Cantucci Osteria. Todas as casas funcionam na 403 Norte. A novidade agora \u00e9 que, na segunda quinzena do m\u00eas, chegam \u00e0 108 Sul. Num amplo espa\u00e7o, onde funcionava o Camar\u00e3o Burguer.<br \/>\n<\/span><\/p>\n<p class=\"p1\"><span class=\"s1\">No almo\u00e7o, ser\u00e1 oferecida uma vers\u00e3o mais compacta do card\u00e1pio do Cantucci. E, \u00e0 noite, as op\u00e7\u00f5es de pizzas e burguers que realmente ser\u00e3o a principal atra\u00e7\u00e3o da nova unidade.<\/span><\/p>\n<p class=\"p1\"><span class=\"s1\">Os s\u00f3cios Andrei Prates e Gilherme Sordi contaram \u00e0 coluna que a expans\u00e3o resulta do grande aumento de demanda das casas na Asa Norte e do delivery. &#8220;As vendas aumentaram muito depois da pandemia, e agora, com mais um ponto de servi\u00e7o e de entregas, vamos conseguir atender melhor nossos clientes e ganhar ainda outros novos&#8221;, celebra a dupla.<\/span><\/p>\n<p><img loading=\"lazy\" decoding=\"async\" class=\"aligncenter size-medium wp-image-12019\" src=\"https:\/\/blogs.correiobraziliense.com.br\/capital-sa\/wp-content\/uploads\/sites\/59\/2023\/03\/FD3C4A2A-72DF-47CA-8B69-05572524DC02-295x300.jpeg\" alt=\"\" width=\"295\" height=\"300\" srcset=\"https:\/\/blogs.correiobraziliense.com.br\/capital-sa\/wp-content\/uploads\/sites\/59\/2023\/03\/FD3C4A2A-72DF-47CA-8B69-05572524DC02-295x300.jpeg 295w, https:\/\/blogs.correiobraziliense.com.br\/capital-sa\/wp-content\/uploads\/sites\/59\/2023\/03\/FD3C4A2A-72DF-47CA-8B69-05572524DC02-230x234.jpeg 230w, https:\/\/blogs.correiobraziliense.com.br\/capital-sa\/wp-content\/uploads\/sites\/59\/2023\/03\/FD3C4A2A-72DF-47CA-8B69-05572524DC02.jpeg 520w\" sizes=\"auto, (max-width: 295px) 100vw, 295px\" \/><\/p>\n<p class=\"p1\"><span class=\"s1\">Al\u00e9m do atendimento presencial, a nova unidade funcionar\u00e1, tamb\u00e9m, na modalidade delivery, tendo como \u00e1reas de abrang\u00eancia a Asa Sul, SIG, Sudoeste, Cruzeiro, Guar\u00e1, Park Sul e parte do Lago Sul.<br \/>\n<\/span><\/p>\n<p>\u00a0<b>Pandemia\u00a0<\/b><\/p>\n<p class=\"p1\"><span class=\"s1\">&#8220;Quando inauguramos a Grano &amp; Oliva, em novembro de 2019, um de nossos objetivos era conseguir consolidar a opera\u00e7\u00e3o e expandir a marca. Pouco tempo depois, nos deparamos com a pandemia. Na tentativa de nos adaptar ao delivery, o modelo de neg\u00f3cio que mais se adequava \u00e0quela realidade, criamos a Inforno Burger, com a oferta de um produto diferenciado. Hoje, ap\u00f3s tr\u00eas anos de funcionamento e com clientes fixos, percebemos que est\u00e1 hora de ter um outro endere\u00e7o&#8221;, conta\u00a0<\/span><span class=\"s1\">Rodrigo Melo, um dos s\u00f3cios e tamb\u00e9m o chef respons\u00e1vel pelo card\u00e1pio das casas.<\/span><\/p>\n<p class=\"p1\"><span class=\"s1\">A expans\u00e3o n\u00e3o para por a\u00ed. No segundo semestre, o plano<span class=\"Apple-converted-space\">\u00a0<\/span>j\u00e1 em andamento \u00e9 abrir novas unidades em \u00c1guas Claras. &#8220;Nossa ideia \u00e9 fazer um complexo gastron\u00f4mico, unindo as 3 opera\u00e7\u00f5es, integrando card\u00e1pios, e, assim, atender na mesma mesa a todos os gostos&#8221;, adiantam os s\u00f3cios. Entre eles, tamb\u00e9m Tarso Frota.<\/span><\/p>\n<p><img loading=\"lazy\" decoding=\"async\" class=\"aligncenter size-medium wp-image-12022\" src=\"https:\/\/blogs.correiobraziliense.com.br\/capital-sa\/wp-content\/uploads\/sites\/59\/2023\/03\/56B3C5CE-C133-4A8F-A26D-40992C7B6309-207x300.jpeg\" alt=\"\" width=\"207\" height=\"300\" srcset=\"https:\/\/blogs.correiobraziliense.com.br\/capital-sa\/wp-content\/uploads\/sites\/59\/2023\/03\/56B3C5CE-C133-4A8F-A26D-40992C7B6309-207x300.jpeg 207w, https:\/\/blogs.correiobraziliense.com.br\/capital-sa\/wp-content\/uploads\/sites\/59\/2023\/03\/56B3C5CE-C133-4A8F-A26D-40992C7B6309-550x798.jpeg 550w, https:\/\/blogs.correiobraziliense.com.br\/capital-sa\/wp-content\/uploads\/sites\/59\/2023\/03\/56B3C5CE-C133-4A8F-A26D-40992C7B6309-230x334.jpeg 230w, https:\/\/blogs.correiobraziliense.com.br\/capital-sa\/wp-content\/uploads\/sites\/59\/2023\/03\/56B3C5CE-C133-4A8F-A26D-40992C7B6309.jpeg 640w\" sizes=\"auto, (max-width: 207px) 100vw, 207px\" \/><\/p>\n<p>Um prato em especial do Cantucci, que virou grande sucesso de vendas, vai ser levado para a unidade da Asa Sul : o Fil\u00e9 Wellington (R$ 69). O chef Rodrigo fez uma vers\u00e3o para refei\u00e7\u00e3o individual, que est\u00e1 sendo uma das mais pedidas na hora do almo\u00e7o.<\/p>\n<p>\u201cTornou-se uma das estrelas do nosso card\u00e1pio. \u00d3tima aceita\u00e7\u00e3o, e vamos levar para a 108 Sul\u201d, refor\u00e7a Guilherme.<\/p>\n<p><b>Fermenta\u00e7\u00e3o de 48 horas\u00a0<\/b><\/p>\n<p>Todas as pizzas da Grano s\u00e3o produzidas com massa de 48 horas de fermenta\u00e7\u00e3o, feita com farinha italiana e assada em forno napoletano, a 450 graus de temperatura. Essa mesma massa \u00e9 o que envolve o recheio dos burgers ofertados pela Inforno. A massa substitui o p\u00e3o e d\u00e1 mais leveza ao produto. E \u00e9 nesse conjunto de detalhes diferenciados que o quarteto de s\u00f3cios aposta alto.<\/p>\n<p><img loading=\"lazy\" decoding=\"async\" class=\"aligncenter size-medium wp-image-12030\" src=\"https:\/\/blogs.correiobraziliense.com.br\/capital-sa\/wp-content\/uploads\/sites\/59\/2023\/03\/3022980D-7626-4BB4-AE9C-77445F99B3B7-200x300.jpeg\" alt=\"\" width=\"200\" height=\"300\" srcset=\"https:\/\/blogs.correiobraziliense.com.br\/capital-sa\/wp-content\/uploads\/sites\/59\/2023\/03\/3022980D-7626-4BB4-AE9C-77445F99B3B7-200x300.jpeg 200w, https:\/\/blogs.correiobraziliense.com.br\/capital-sa\/wp-content\/uploads\/sites\/59\/2023\/03\/3022980D-7626-4BB4-AE9C-77445F99B3B7-768x1153.jpeg 768w, https:\/\/blogs.correiobraziliense.com.br\/capital-sa\/wp-content\/uploads\/sites\/59\/2023\/03\/3022980D-7626-4BB4-AE9C-77445F99B3B7-682x1024.jpeg 682w, https:\/\/blogs.correiobraziliense.com.br\/capital-sa\/wp-content\/uploads\/sites\/59\/2023\/03\/3022980D-7626-4BB4-AE9C-77445F99B3B7-800x1201.jpeg 800w, https:\/\/blogs.correiobraziliense.com.br\/capital-sa\/wp-content\/uploads\/sites\/59\/2023\/03\/3022980D-7626-4BB4-AE9C-77445F99B3B7-550x826.jpeg 550w, https:\/\/blogs.correiobraziliense.com.br\/capital-sa\/wp-content\/uploads\/sites\/59\/2023\/03\/3022980D-7626-4BB4-AE9C-77445F99B3B7-230x345.jpeg 230w, https:\/\/blogs.correiobraziliense.com.br\/capital-sa\/wp-content\/uploads\/sites\/59\/2023\/03\/3022980D-7626-4BB4-AE9C-77445F99B3B7.jpeg 1066w\" sizes=\"auto, (max-width: 200px) 100vw, 200px\" \/><\/p>\n<p>&nbsp;<\/p>\n","protected":false},"excerpt":{"rendered":"<p>Por Samanta Sallum\u00a0 Mar\u00e7o marcar\u00e1 a expans\u00e3o das opera\u00e7\u00f5es da Grano &amp; Oliva e Inforno Burger, que s\u00e3o do mesmo quarteto de s\u00f3cios do restaurante Cantucci Osteria. Todas as casas funcionam na 403 Norte. A novidade agora \u00e9 que, na segunda quinzena do m\u00eas, chegam \u00e0 108 Sul. Num amplo espa\u00e7o, onde funcionava o Camar\u00e3o Burguer. No almo\u00e7o, ser\u00e1 oferecida [&hellip;]<\/p>\n","protected":false},"author":125,"featured_media":12024,"comment_status":"open","ping_status":"open","sticky":false,"template":"","format":"standard","meta":{"footnotes":""},"categories":[6],"tags":[1892,374,1891,1893],"class_list":["post-12002","post","type-post","status-publish","format-standard","has-post-thumbnail","hentry","category-coluna-capital-s-a","tag-cantucci","tag-expansao","tag-granooliva","tag-infornoburger"],"_links":{"self":[{"href":"https:\/\/blogs.correiobraziliense.com.br\/capital-sa\/wp-json\/wp\/v2\/posts\/12002","targetHints":{"allow":["GET"]}}],"collection":[{"href":"https:\/\/blogs.correiobraziliense.com.br\/capital-sa\/wp-json\/wp\/v2\/posts"}],"about":[{"href":"https:\/\/blogs.correiobraziliense.com.br\/capital-sa\/wp-json\/wp\/v2\/types\/post"}],"author":[{"embeddable":true,"href":"https:\/\/blogs.correiobraziliense.com.br\/capital-sa\/wp-json\/wp\/v2\/users\/125"}],"replies":[{"embeddable":true,"href":"https:\/\/blogs.correiobraziliense.com.br\/capital-sa\/wp-json\/wp\/v2\/comments?post=12002"}],"version-history":[{"count":20,"href":"https:\/\/blogs.correiobraziliense.com.br\/capital-sa\/wp-json\/wp\/v2\/posts\/12002\/revisions"}],"predecessor-version":[{"id":12133,"href":"https:\/\/blogs.correiobraziliense.com.br\/capital-sa\/wp-json\/wp\/v2\/posts\/12002\/revisions\/12133"}],"wp:featuredmedia":[{"embeddable":true,"href":"https:\/\/blogs.correiobraziliense.com.br\/capital-sa\/wp-json\/wp\/v2\/media\/12024"}],"wp:attachment":[{"href":"https:\/\/blogs.correiobraziliense.com.br\/capital-sa\/wp-json\/wp\/v2\/media?parent=12002"}],"wp:term":[{"taxonomy":"category","embeddable":true,"href":"https:\/\/blogs.correiobraziliense.com.br\/capital-sa\/wp-json\/wp\/v2\/categories?post=12002"},{"taxonomy":"post_tag","embeddable":true,"href":"https:\/\/blogs.correiobraziliense.com.br\/capital-sa\/wp-json\/wp\/v2\/tags?post=12002"}],"curies":[{"name":"wp","href":"https:\/\/api.w.org\/{rel}","templated":true}]}}