{"id":120,"date":"2020-10-07T07:27:15","date_gmt":"2020-10-07T10:27:15","guid":{"rendered":"https:\/\/blogs.correiobraziliense.com.br\/capital-sa\/?p=120"},"modified":"2020-10-07T07:27:15","modified_gmt":"2020-10-07T10:27:15","slug":"brittany-kaiser-falara-para-empresarios-no-inova-df","status":"publish","type":"post","link":"https:\/\/blogs.correiobraziliense.com.br\/capital-sa\/2020\/10\/07\/brittany-kaiser-falara-para-empresarios-no-inova-df\/","title":{"rendered":"Brittany Kaiser falar\u00e1 para empres\u00e1rios, no Inova DF"},"content":{"rendered":"<p>Uma hist\u00f3ria contada no filme <em>Privacidade Hackeada<\/em> e no livro<em> Manipulados \u2014 Como uma empresa e o Facebook invadiram a privacidade de milh\u00f5es de pessoas e colocaram a democracia em xeque<\/em>.<\/p>\n<p>Uma das principais personagens desta trama vai participar de um grande evento direcionado a empres\u00e1rios no DF. Brittany Kaiser, ex-diretora de desenvolvimento de neg\u00f3cios da Cambridge Analytica, far\u00e1 palestra exclusiva no Inova DF, em novembro. O evento ser\u00e1 promovido pelo Sebrae-DF.<\/p>\n<p><strong>Dela\u00e7\u00e3o Premiada<\/strong><\/p>\n<p>Ela fez uma dela\u00e7\u00e3o premiada, em que revelou detalhes do uso indevido de dados do Facebook. Uma manipula\u00e7\u00e3o que interferiu, por exemplo, na elei\u00e7\u00e3o de Trump \u00e0 presid\u00eancia dos EUA e tamb\u00e9m na vota\u00e7\u00e3o no referendo do Brexit na Inglatera.<\/p>\n<p>A empresa fechou as portas, foi condenada na Inglatrra e est\u00e1 sendo processada nos EUA.<\/p>\n<p><strong>Ativista internacional<\/strong><\/p>\n<p>Kaiser fez a den\u00fancia, escreveu o livro Manipulados e virou ativista mundial para a defesa da privacidade de dados de clientes no mundo dos neg\u00f3cios . Tornou-se refer\u00eancia internacional e esteve no Web Summit, em Lisboa, o maior evento de inova\u00e7\u00e3o do mundo.<\/p>\n<p><strong>Transpar\u00eancia<\/strong><\/p>\n<p>A palestra, em 12 de novembro, apontar\u00e1 como as empresas e organiza\u00e7\u00f5es podem se tornar mais transparentes e ter um relacionamento consensual e honesto com seus clientes. E como proteger dados. Veja como participar no site do Sebrae\/DF.<\/p>\n<h3>\nLucro que n\u00e3o derrete<\/h3>\n<figure id=\"attachment_122\" aria-describedby=\"caption-attachment-122\" style=\"width: 1024px\" class=\"wp-caption alignleft\"><a href=\"https:\/\/blogs.correiobraziliense.com.br\/capital-sa\/wp-content\/uploads\/sites\/59\/2020\/10\/brazilian_1200.jpg\"><img loading=\"lazy\" decoding=\"async\" class=\"size-large wp-image-122\" src=\"https:\/\/blogs.correiobraziliense.com.br\/capital-sa\/wp-content\/uploads\/sites\/59\/2020\/10\/brazilian_1200-1024x555.jpg\" alt=\"\" width=\"1024\" height=\"555\" srcset=\"https:\/\/blogs.correiobraziliense.com.br\/capital-sa\/wp-content\/uploads\/sites\/59\/2020\/10\/brazilian_1200-1024x555.jpg 1024w, https:\/\/blogs.correiobraziliense.com.br\/capital-sa\/wp-content\/uploads\/sites\/59\/2020\/10\/brazilian_1200-300x163.jpg 300w, https:\/\/blogs.correiobraziliense.com.br\/capital-sa\/wp-content\/uploads\/sites\/59\/2020\/10\/brazilian_1200-768x416.jpg 768w, https:\/\/blogs.correiobraziliense.com.br\/capital-sa\/wp-content\/uploads\/sites\/59\/2020\/10\/brazilian_1200-550x298.jpg 550w, https:\/\/blogs.correiobraziliense.com.br\/capital-sa\/wp-content\/uploads\/sites\/59\/2020\/10\/brazilian_1200-230x125.jpg 230w, https:\/\/blogs.correiobraziliense.com.br\/capital-sa\/wp-content\/uploads\/sites\/59\/2020\/10\/brazilian_1200.jpg 1200w\" sizes=\"auto, (max-width: 1024px) 100vw, 1024px\" \/><\/a><figcaption id=\"caption-attachment-122\" class=\"wp-caption-text\">Cr\u00e9dito: Divulga\u00e7\u00e3o. Capital S\/A. Bruno Douglas Lopes, dono da Brazilian Ice Cream<\/figcaption><\/figure>\n<p>Os empres\u00e1rios donos de sorveterias est\u00e3o comemorando a onda recorde de calor em Bras\u00edlia. E, mesmo no frio, o mercado expande tamb\u00e9m.<\/p>\n<p>A rede Brazilian Ice Cream, com nove lojas no DF, aumentou em 36% as vendas de setembro em rela\u00e7\u00e3o ao ano passado. Bruno Douglas Lopes, dono da marca Brasiliense, conta que gera mais de 200 empregos. A loja da 107 Norte, perto do Beirute, \u00e9 uma das mais novas.<\/p>\n<p>\u201cFa\u00e7o sorvete desde os 9 anos. \u00c9 uma paix\u00e3o que virou empresa . Mais que sorvete, quero vender experi\u00eancias\u201d , diz Bruno, que estudou q arte dos gelatos na It\u00e1lia.<\/p>\n<p><strong>Cinco mil sorvetes<\/strong><\/p>\n<p>Os empres\u00e1rios Diego Santos e Alan Dias, s\u00f3cios da Matteo Gelato Criativo, uma sorveteria de origem cuiabana, tamb\u00e9m comemoraram. H\u00e1 um ano em \u00c1guas Claras, agora est\u00e3o chegando ao Plano Piloto.<\/p>\n<p>A produ\u00e7\u00e3o passou de 1.180 quilos , em junho, para 2.775 em setembro. Distribu\u00edram 5 mil sorvetes para comemorar a marca , na semana passada.<\/p>\n<h3>\nRea\u00e7\u00e3o \u00e0 reforma tribut\u00e1ria<\/h3>\n<p>Cerca de 100 mil empregos no DF s\u00e3o gerados por empresas de presta\u00e7\u00e3o de servi\u00e7o na \u00e1rea de limpeza e conserva\u00e7\u00e3o. O setor abrange 200 empresas. Para defender esses empregos e a sobreviv\u00eancia econ\u00f4mica do segmento, a Federa\u00e7\u00e3o Nacional das Empresas Prestadoras de Servi\u00e7os de Limpeza e Conserva\u00e7\u00e3o (Febrac) lan\u00e7a em outubro a campanha institucional \u201cSomos Essenciais\u201d.<\/p>\n<p>Depois do setor da constru\u00e7\u00e3o civil, \u00e9 o que mais emprega na capital. Representa 27 categorias.<\/p>\n<p><strong>Forte presen\u00e7a no PIB<\/strong><\/p>\n<p>O sinal de alerta veio com estudo, encomendado pela (Febrac), sobre a Reforma Tribut\u00e1ria. Ele aponta que as tr\u00eas propostas, em discuss\u00e3o no Brasil, como est\u00e3o apresentadas hoje, v\u00e3o elevar a carga tribut\u00e1ria do setor de servi\u00e7os. O setor aponta que \u00e9 respons\u00e1vel pela gera\u00e7\u00e3o de 65% do Produto Interno Bruto (PIB) do Brasil que, em 2019, foi de R$ 7,3 trilh\u00f5es, segundo o IBGE.<\/p>\n","protected":false},"excerpt":{"rendered":"<p>Uma hist\u00f3ria contada no filme Privacidade Hackeada e no livro Manipulados \u2014 Como uma empresa e o Facebook invadiram a privacidade de milh\u00f5es de pessoas e colocaram a democracia em xeque. Uma das principais personagens desta trama vai participar de um grande evento direcionado a empres\u00e1rios no DF. Brittany Kaiser, ex-diretora de desenvolvimento de neg\u00f3cios da Cambridge Analytica, far\u00e1 palestra [&hellip;]<\/p>\n","protected":false},"author":125,"featured_media":121,"comment_status":"open","ping_status":"open","sticky":false,"template":"","format":"standard","meta":{"footnotes":""},"categories":[6],"tags":[47,46,48,50,49],"class_list":["post-120","post","type-post","status-publish","format-standard","has-post-thumbnail","hentry","category-coluna-capital-s-a","tag-brazilian-ice-cream","tag-brittany-kaiser","tag-calor","tag-sebrae","tag-sorvete"],"_links":{"self":[{"href":"https:\/\/blogs.correiobraziliense.com.br\/capital-sa\/wp-json\/wp\/v2\/posts\/120","targetHints":{"allow":["GET"]}}],"collection":[{"href":"https:\/\/blogs.correiobraziliense.com.br\/capital-sa\/wp-json\/wp\/v2\/posts"}],"about":[{"href":"https:\/\/blogs.correiobraziliense.com.br\/capital-sa\/wp-json\/wp\/v2\/types\/post"}],"author":[{"embeddable":true,"href":"https:\/\/blogs.correiobraziliense.com.br\/capital-sa\/wp-json\/wp\/v2\/users\/125"}],"replies":[{"embeddable":true,"href":"https:\/\/blogs.correiobraziliense.com.br\/capital-sa\/wp-json\/wp\/v2\/comments?post=120"}],"version-history":[{"count":1,"href":"https:\/\/blogs.correiobraziliense.com.br\/capital-sa\/wp-json\/wp\/v2\/posts\/120\/revisions"}],"predecessor-version":[{"id":123,"href":"https:\/\/blogs.correiobraziliense.com.br\/capital-sa\/wp-json\/wp\/v2\/posts\/120\/revisions\/123"}],"wp:featuredmedia":[{"embeddable":true,"href":"https:\/\/blogs.correiobraziliense.com.br\/capital-sa\/wp-json\/wp\/v2\/media\/121"}],"wp:attachment":[{"href":"https:\/\/blogs.correiobraziliense.com.br\/capital-sa\/wp-json\/wp\/v2\/media?parent=120"}],"wp:term":[{"taxonomy":"category","embeddable":true,"href":"https:\/\/blogs.correiobraziliense.com.br\/capital-sa\/wp-json\/wp\/v2\/categories?post=120"},{"taxonomy":"post_tag","embeddable":true,"href":"https:\/\/blogs.correiobraziliense.com.br\/capital-sa\/wp-json\/wp\/v2\/tags?post=120"}],"curies":[{"name":"wp","href":"https:\/\/api.w.org\/{rel}","templated":true}]}}