{"id":11990,"date":"2023-03-02T18:07:21","date_gmt":"2023-03-02T21:07:21","guid":{"rendered":"https:\/\/blogs.correiobraziliense.com.br\/capital-sa\/?p=11990"},"modified":"2023-03-10T12:01:06","modified_gmt":"2023-03-10T15:01:06","slug":"cnc-reage-a-oneracao-de-impostos-sobre-setor-de-servicos-na-reforma-tributaria","status":"publish","type":"post","link":"https:\/\/blogs.correiobraziliense.com.br\/capital-sa\/2023\/03\/02\/cnc-reage-a-oneracao-de-impostos-sobre-setor-de-servicos-na-reforma-tributaria\/","title":{"rendered":"CNC reage \u00e0 onera\u00e7\u00e3o de impostos sobre setor de servi\u00e7os na Reforma Tribut\u00e1ria"},"content":{"rendered":"<p>Entidade aponta sobrecarrega de imposto e pede al\u00edquotas diferenciadas<\/p>\n<p><b>Por Samanta Sallum\u00a0<\/b><\/p>\n<p>A Confedera\u00e7\u00e3o Nacional do Com\u00e9rcio de Bens, Servi\u00e7os e Turismo (CNC) entregou, nesta quinta-feira (2) ao coordenador do Grupo de Trabalho que discute a Reforma Tribut\u00e1ria na C\u00e2mara dos Deputados, deputado Reginaldo Lopes (PT-MG), um relat\u00f3rio contendo um diagn\u00f3stico sobre o impacto das altera\u00e7\u00f5es legislativas para os setores representados.<\/p>\n<p>O documento &#8220;Premissas de uma Reforma Tribut\u00e1ria &#8211; vis\u00e3o do setor de Com\u00e9rcio de Bens, Servi\u00e7os e Turismo&#8221;, aborda a necessidade de equaliza\u00e7\u00e3o das condi\u00e7\u00f5es setoriais &#8220;para uma reforma realmente desenvolvimentista e a import\u00e2ncia da simplifica\u00e7\u00e3o dos tributos&#8221;.<\/p>\n<p>O encontro foi realizado na sede da CNC em Bras\u00edlia.\u00a0A diretora de Rela\u00e7\u00f5es Institucionais da CNC, Nara de Deus, frisou a import\u00e2ncia da converg\u00eancia com os setores econ\u00f4micos.<\/p>\n<blockquote><p>\u201cO que pretendemos \u00e9 chegar a um consenso para que o setor terci\u00e1rio n\u00e3o fique sobrecarregado, de forma que as atividades de diversos segmentos sejam inviabilizadas pela alta tributa\u00e7\u00e3o\u201d, refor\u00e7ou.<\/p><\/blockquote>\n<p>Segundo o deputado federal Reginaldo Lopes, \u00e9 poss\u00edvel criar um modelo que n\u00e3o gere impactos negativos para as diferentes esferas produtivas, mesmo que o tema seja complexo.<\/p>\n<blockquote><p>&#8220;O nosso objetivo \u00e9 criar um ambiente favor\u00e1vel ao investimento e ao empres\u00e1rio para gerar riqueza ao povo brasileiro. Vamos buscar um modelo que provoque a diminui\u00e7\u00e3o e a simplifica\u00e7\u00e3o de impostos para fazer a economia girar e crescer&#8221;, afirmou o deputado.<\/p><\/blockquote>\n<p>Ele destacou que buscar\u00e1 alternativas de desonera\u00e7\u00e3o do setor de servi\u00e7os por meio do di\u00e1logo com parlamentares, governadores, secret\u00e1rios de Fazenda estaduais e representantes do setor produtivo.<\/p>\n<p>&#8220;Precisamos colocar os dissensos na mesa e negociar com as \u00e1reas econ\u00f4micas&#8221;, pontuou. Segundo o deputado, o per\u00edodo de matura\u00e7\u00e3o de normas tribut\u00e1rias e o processo transit\u00f3rio podem durar entre seis e 10 anos. &#8220;Ent\u00e3o, podemos fazer ajustes no caminho para que ningu\u00e9m seja prejudicado&#8221;, frisou.<\/p>\n<p class=\"p1\"><span class=\"s1\">Uma das principais propostas da CNC \u00a0\u00e9 que haja al\u00edquotas setoriais, para um tratamento equ\u00e2nime entre os setores do com\u00e9rcio, servi\u00e7os e ind\u00fastria.<\/span><\/p>\n<p><strong>Aumento de at\u00e9 200% no setor de servi\u00e7os<\/strong><\/p>\n<p>Estudos realizados pela CNC mostram que a aplica\u00e7\u00e3o das Propostas de Emenda Constitucional (PECs) 45\/2019 e 110\/2019 implicariam um aumento m\u00e9dio de 84% da carga tribut\u00e1ria, com esse \u00edndice podendo chegar a quase 200% em segmentos como loca\u00e7\u00e3o de servi\u00e7os de m\u00e3o de obra.<\/p>\n<p>Para o economista da Diretoria de Economia e Inova\u00e7\u00e3o da CNC Fabio Bentes, que tamb\u00e9m participou do encontro, as duas PECs penalizariam o setor de servi\u00e7os.<\/p>\n<p>Bentes destacou, durante a reuni\u00e3o, que o setor de servi\u00e7os representa 37% da for\u00e7a de trabalho no pa\u00eds e, no \u00faltimo ano, respondeu por 55% dos empregos gerados.<\/p>\n<p>&#8220;Nossa proposta \u00e9 convergir para um modelo em que setores que empregam mais possam usufruir de mecanismos de abatimento de imposto, gerando um ambiente de empregabilidade e incentivo ao setor de servi\u00e7os&#8221;, explicou.<\/p>\n<p>Tamb\u00e9m estiveram presentes o presidente do Sistema Fecom\u00e9rcio-Sesc-Senac de Minas Gerais, Nadim Donato; o consultor tribut\u00e1rio da CNC, Gilberto Alvarenga; a assessora de Rela\u00e7\u00f5es Institucionais da Fecom\u00e9rcio-SP, Maria Isabel Mello; e a assessora jur\u00eddica da Fecom\u00e9rcio-SP, Sarina Manata.<\/p>\n","protected":false},"excerpt":{"rendered":"<p>Entidade aponta sobrecarrega de imposto e pede al\u00edquotas diferenciadas Por Samanta Sallum\u00a0 A Confedera\u00e7\u00e3o Nacional do Com\u00e9rcio de Bens, Servi\u00e7os e Turismo (CNC) entregou, nesta quinta-feira (2) ao coordenador do Grupo de Trabalho que discute a Reforma Tribut\u00e1ria na C\u00e2mara dos Deputados, deputado Reginaldo Lopes (PT-MG), um relat\u00f3rio contendo um diagn\u00f3stico sobre o impacto das altera\u00e7\u00f5es legislativas para os setores [&hellip;]<\/p>\n","protected":false},"author":125,"featured_media":11994,"comment_status":"open","ping_status":"open","sticky":false,"template":"","format":"standard","meta":{"footnotes":""},"categories":[6],"tags":[275,629,1895,875],"class_list":["post-11990","post","type-post","status-publish","format-standard","has-post-thumbnail","hentry","category-coluna-capital-s-a","tag-cnc","tag-reformatributaria","tag-setordeservicos","tag-tributos"],"_links":{"self":[{"href":"https:\/\/blogs.correiobraziliense.com.br\/capital-sa\/wp-json\/wp\/v2\/posts\/11990","targetHints":{"allow":["GET"]}}],"collection":[{"href":"https:\/\/blogs.correiobraziliense.com.br\/capital-sa\/wp-json\/wp\/v2\/posts"}],"about":[{"href":"https:\/\/blogs.correiobraziliense.com.br\/capital-sa\/wp-json\/wp\/v2\/types\/post"}],"author":[{"embeddable":true,"href":"https:\/\/blogs.correiobraziliense.com.br\/capital-sa\/wp-json\/wp\/v2\/users\/125"}],"replies":[{"embeddable":true,"href":"https:\/\/blogs.correiobraziliense.com.br\/capital-sa\/wp-json\/wp\/v2\/comments?post=11990"}],"version-history":[{"count":8,"href":"https:\/\/blogs.correiobraziliense.com.br\/capital-sa\/wp-json\/wp\/v2\/posts\/11990\/revisions"}],"predecessor-version":[{"id":12136,"href":"https:\/\/blogs.correiobraziliense.com.br\/capital-sa\/wp-json\/wp\/v2\/posts\/11990\/revisions\/12136"}],"wp:featuredmedia":[{"embeddable":true,"href":"https:\/\/blogs.correiobraziliense.com.br\/capital-sa\/wp-json\/wp\/v2\/media\/11994"}],"wp:attachment":[{"href":"https:\/\/blogs.correiobraziliense.com.br\/capital-sa\/wp-json\/wp\/v2\/media?parent=11990"}],"wp:term":[{"taxonomy":"category","embeddable":true,"href":"https:\/\/blogs.correiobraziliense.com.br\/capital-sa\/wp-json\/wp\/v2\/categories?post=11990"},{"taxonomy":"post_tag","embeddable":true,"href":"https:\/\/blogs.correiobraziliense.com.br\/capital-sa\/wp-json\/wp\/v2\/tags?post=11990"}],"curies":[{"name":"wp","href":"https:\/\/api.w.org\/{rel}","templated":true}]}}