{"id":11980,"date":"2023-03-01T15:34:59","date_gmt":"2023-03-01T18:34:59","guid":{"rendered":"https:\/\/blogs.correiobraziliense.com.br\/capital-sa\/?p=11980"},"modified":"2023-03-10T10:41:44","modified_gmt":"2023-03-10T13:41:44","slug":"cota-para-mulheres-que-cria-as-laranjas-diz-bia-kicis","status":"publish","type":"post","link":"https:\/\/blogs.correiobraziliense.com.br\/capital-sa\/2023\/03\/01\/cota-para-mulheres-que-cria-as-laranjas-diz-bia-kicis\/","title":{"rendered":"&#8220;Cota para mulheres que cria as laranjas&#8221;, diz Bia Kicis"},"content":{"rendered":"<p><em>A presidente do PL no DF tamb\u00e9m afirmou que o pa\u00eds vive \u201cinseguran\u00e7a jur\u00eddica\u201d devido a decis\u00f5es do STF<\/em><\/p>\n<p><b>Por Samanta Sallum\u00a0<\/b><\/p>\n<p class=\"p1\">A deputada federal Bia Kicis defende mais capacita\u00e7\u00e3o e est\u00edmulo \u00e0s mulheres para entrarem na pol\u00edtica. Segundo ela, a cota definida por lei de participa\u00e7\u00e3o nas candidaturas partid\u00e1rias, em vez de ajudar, atrapalha.<\/p>\n<p class=\"p1\">&#8220;Por isso, aparecem essas laranjas. Mulheres que n\u00e3o t\u00eam inclina\u00e7\u00e3o para a pol\u00edtica, que s\u00e3o empurradas ou usadas para uma candidatura apenas para preencher cota. As mulheres devem participar desse espa\u00e7o mais de forma verdadeira, e para isso precisamos ajudar na capacita\u00e7\u00e3o delas&#8221;, disse \u00e0 coluna.<\/p>\n<p><b>Impedida de visitar presas<\/b><\/p>\n<p>Kicis reclamou do impedimento de visitar mulheres que est\u00e3o presas no Pres\u00eddio Feminino da Colmeia, em Bras\u00edlia, por envolvimento nos atos do dia 8 de janeiro. Isso devido \u00e0 decis\u00e3o do ministro do STF Alexandre de Moraes.<\/p>\n<p>&#8220;Eu tinha uma visita marcada para sexta-feira passada. Mas veio uma decis\u00e3o do ministro, tirando a autonomia da ju\u00edza da Vara de Execu\u00e7\u00f5es Penais para autorizar as visitas. Somente ele agora pode permitir a entrada nos pres\u00eddios, nesse caso. Mas eu vou mandar a ele o pedido. H\u00e1 mulheres l\u00e1 inocentes, com problemas m\u00e9dicos. Precisamos ver a situa\u00e7\u00e3o&#8221;, disse ao blog.<\/p>\n<p>Segundo a presidente do PL\/DF, o pa\u00eds vive momento de &#8220;inseguran\u00e7a jur\u00eddica&#8221;. &#8220;Eu sou advogada, fui procuradora, e agora perdi a refer\u00eancia dos tr\u00e2mites, pois a cada hora \u00e9 uma decis\u00e3o nova no Judici\u00e1rio. Est\u00e1 dif\u00edcil o Poder Legislativo desempenhar sua fun\u00e7\u00e3o com o STF agindo assim&#8221;, aponta.<\/p>\n<p>Ela defende ainda a instala\u00e7\u00e3o do CPI mista, com membros da C\u00e2mara e do Senado, para apurar as responsabilidades do que ocorreu no dia 8 de janeiro na Esplanada. A base bolsonarista conseguiu as assinaturas. Quer com a apura\u00e7\u00e3o confrontar e apontar para o governo Lula tamb\u00e9m responsabilidades.<\/p>\n<p><b>Rodar o Brasil\u00a0<\/b><\/p>\n<p>Com Michelle Bolsonaro, Kicis deu a largada para a caravana que vai rodar o Brasil, estimulando o engajamento feminino nas quest\u00f5es pol\u00edticas do pa\u00eds. Michelle acaba de assumir a presid\u00eancia nacional do PL Mulher.<\/p>\n<p class=\"p1\"><span class=\"s1\">As duas gravaram um v\u00eddeo para as redes sociais inaugurado o perfil do PL Mulher. Anunciaram o in\u00edcio da mobiliza\u00e7\u00e3o para este m\u00eas de mar\u00e7o.<\/span><\/p>\n<p class=\"p1\"><span class=\"s1\"><b>Fundo Constitucional <\/b><\/span><\/p>\n<p class=\"p1\"><span class=\"s1\">Sobre o Distrito Federal, a deputada afirmou que o mais importante no momento \u00e9 defender a preserva\u00e7\u00e3o do Fundo Constitucional. &#8220;N\u00e3o podemos deixar que mexam nele. E, nessa defesa, toda a bancada do DF est\u00e1 unida&#8221;, refor\u00e7ou.<\/span><\/p>\n<p>&nbsp;<\/p>\n<p>&nbsp;<\/p>\n<p class=\"p1\">\n","protected":false},"excerpt":{"rendered":"<p>A presidente do PL no DF tamb\u00e9m afirmou que o pa\u00eds vive \u201cinseguran\u00e7a jur\u00eddica\u201d devido a decis\u00f5es do STF Por Samanta Sallum\u00a0 A deputada federal Bia Kicis defende mais capacita\u00e7\u00e3o e est\u00edmulo \u00e0s mulheres para entrarem na pol\u00edtica. Segundo ela, a cota definida por lei de participa\u00e7\u00e3o nas candidaturas partid\u00e1rias, em vez de ajudar, atrapalha. &#8220;Por isso, aparecem essas laranjas. [&hellip;]<\/p>\n","protected":false},"author":125,"featured_media":11986,"comment_status":"open","ping_status":"open","sticky":false,"template":"","format":"standard","meta":{"footnotes":""},"categories":[6],"tags":[1590,1327,1537,103,1852],"class_list":["post-11980","post","type-post","status-publish","format-standard","has-post-thumbnail","hentry","category-coluna-capital-s-a","tag-biakicis","tag-fundoconstitucional","tag-michellebolsonaro","tag-mulheres","tag-plmulher"],"_links":{"self":[{"href":"https:\/\/blogs.correiobraziliense.com.br\/capital-sa\/wp-json\/wp\/v2\/posts\/11980","targetHints":{"allow":["GET"]}}],"collection":[{"href":"https:\/\/blogs.correiobraziliense.com.br\/capital-sa\/wp-json\/wp\/v2\/posts"}],"about":[{"href":"https:\/\/blogs.correiobraziliense.com.br\/capital-sa\/wp-json\/wp\/v2\/types\/post"}],"author":[{"embeddable":true,"href":"https:\/\/blogs.correiobraziliense.com.br\/capital-sa\/wp-json\/wp\/v2\/users\/125"}],"replies":[{"embeddable":true,"href":"https:\/\/blogs.correiobraziliense.com.br\/capital-sa\/wp-json\/wp\/v2\/comments?post=11980"}],"version-history":[{"count":10,"href":"https:\/\/blogs.correiobraziliense.com.br\/capital-sa\/wp-json\/wp\/v2\/posts\/11980\/revisions"}],"predecessor-version":[{"id":12122,"href":"https:\/\/blogs.correiobraziliense.com.br\/capital-sa\/wp-json\/wp\/v2\/posts\/11980\/revisions\/12122"}],"wp:featuredmedia":[{"embeddable":true,"href":"https:\/\/blogs.correiobraziliense.com.br\/capital-sa\/wp-json\/wp\/v2\/media\/11986"}],"wp:attachment":[{"href":"https:\/\/blogs.correiobraziliense.com.br\/capital-sa\/wp-json\/wp\/v2\/media?parent=11980"}],"wp:term":[{"taxonomy":"category","embeddable":true,"href":"https:\/\/blogs.correiobraziliense.com.br\/capital-sa\/wp-json\/wp\/v2\/categories?post=11980"},{"taxonomy":"post_tag","embeddable":true,"href":"https:\/\/blogs.correiobraziliense.com.br\/capital-sa\/wp-json\/wp\/v2\/tags?post=11980"}],"curies":[{"name":"wp","href":"https:\/\/api.w.org\/{rel}","templated":true}]}}