{"id":11972,"date":"2023-03-01T06:54:45","date_gmt":"2023-03-01T09:54:45","guid":{"rendered":"https:\/\/blogs.correiobraziliense.com.br\/capital-sa\/?p=11972"},"modified":"2023-03-10T10:37:27","modified_gmt":"2023-03-10T13:37:27","slug":"ela-trocou-o-concurso-publico-pelo-dindim-e-foi-premiada","status":"publish","type":"post","link":"https:\/\/blogs.correiobraziliense.com.br\/capital-sa\/2023\/03\/01\/ela-trocou-o-concurso-publico-pelo-dindim-e-foi-premiada\/","title":{"rendered":"Ela trocou o concurso p\u00fablico pelo dindim e foi premiada"},"content":{"rendered":"<p class=\"p1\"><b>Por Samanta Sallum\u00a0<\/b><\/p>\n<p class=\"p1\"><span class=\"s1\">Segundo o Instituto Rede Mulher Empreendedora (IRME), quase metade das pequenas empresas no Brasil s\u00e3o lideradas por elas. E, para a maioria das brasileiras, ter o pr\u00f3prio neg\u00f3cio \u00e9 a realiza\u00e7\u00e3o de um sonho e a chance de conquistar independ\u00eancia. A brasiliense Anne Caroline Lima Martins, 28 anos, \u00e9 um exemplo disso.<\/span><\/p>\n<p class=\"p1\"><span class=\"s1\"> Propriet\u00e1ria da empresa de dindim Bom Te Ver Gourmet, foi contemplada em primeiro lugar com o Pr\u00eamio Sebrae Mulher de Neg\u00f3cios, na categoria MEI (Microempreendedor Individual) em 2022.<\/span><\/p>\n<p class=\"p1\"><span class=\"s1\">Tudo come\u00e7ou em 2018, em Ceil\u00e2ndia. Por influ\u00eancia da fam\u00edlia, Anne dedicava boa parte do seu tempo estudando para passar em concurso p\u00fablico. &#8220;<\/span><span class=\"s2\">Eu detestava&#8221;<\/span><span class=\"s1\">, desabafa. Cansada da rotina de estudos, e ap\u00f3s ter conclu\u00eddo a faculdade de tecnologia em gest\u00e3o de recursos humanos, \u00e1rea na qual nunca trabalhou, decidiu fazer seu pr\u00f3prio dinheiro.<br \/>\n<\/span><\/p>\n<p class=\"p1\"><span class=\"s1\">Foi durante a festa de noivado de uma amiga que surgiu a grande oportunidade. &#8220;<\/span><span class=\"s2\">L\u00e1 tinha dindins gourmets para os convidados. Peguei um, provei e gostei muito da ideia. Chegando em casa, corri para pesquisar receitas na internet, modo de preparo e at\u00e9 t\u00e9cnicas de vendas&#8221;<\/span><span class=\"s1\">, explica.<\/span><\/p>\n<p class=\"p1\"><span class=\"s1\">Anne acertou nas receitas e sua demanda s\u00f3 cresceu. O pai virou grande parceiro, ajudando nas entregas. Hoje, a Dindin Bom Te Ver Gourmet disp\u00f5e de quatro freezers espalhados em com\u00e9rcios de Bras\u00edlia. E a empres\u00e1ria conta com a ajuda da namorada no desafio.<\/span><\/p>\n<blockquote>\n<p class=\"p1\"><span class=\"s1\">\u00a0&#8220;<\/span><span class=\"s2\">Aprendi que, por ser mulher, eu precisaria me esfor\u00e7ar muito para ser levada a s\u00e9rio, e por ser uma mulher homossexual, eu precisaria me esfor\u00e7ar 10 vezes mais para mostrar que sou competente e especialista no que fa\u00e7o&#8221;<\/span><span class=\"s1\">, conta a empres\u00e1ria.<\/span><\/p>\n<\/blockquote>\n<p class=\"p1\"><span class=\"s1\">A meta \u00e9 ver a marca presente em todas as cidades do DF.\u00a0<\/span>Para a realiza\u00e7\u00e3o desse sonho, ela vem recebendo o apoio do Sebrae\/DF.<\/p>\n","protected":false},"excerpt":{"rendered":"<p>Por Samanta Sallum\u00a0 Segundo o Instituto Rede Mulher Empreendedora (IRME), quase metade das pequenas empresas no Brasil s\u00e3o lideradas por elas. E, para a maioria das brasileiras, ter o pr\u00f3prio neg\u00f3cio \u00e9 a realiza\u00e7\u00e3o de um sonho e a chance de conquistar independ\u00eancia. A brasiliense Anne Caroline Lima Martins, 28 anos, \u00e9 um exemplo disso. Propriet\u00e1ria da empresa de dindim [&hellip;]<\/p>\n","protected":false},"author":125,"featured_media":11978,"comment_status":"open","ping_status":"open","sticky":false,"template":"","format":"standard","meta":{"footnotes":""},"categories":[6],"tags":[1874,1873,331,191,65],"class_list":["post-11972","post","type-post","status-publish","format-standard","has-post-thumbnail","hentry","category-coluna-capital-s-a","tag-bomtevergourmet","tag-dindim","tag-premio","tag-sebraedf","tag-mei"],"_links":{"self":[{"href":"https:\/\/blogs.correiobraziliense.com.br\/capital-sa\/wp-json\/wp\/v2\/posts\/11972","targetHints":{"allow":["GET"]}}],"collection":[{"href":"https:\/\/blogs.correiobraziliense.com.br\/capital-sa\/wp-json\/wp\/v2\/posts"}],"about":[{"href":"https:\/\/blogs.correiobraziliense.com.br\/capital-sa\/wp-json\/wp\/v2\/types\/post"}],"author":[{"embeddable":true,"href":"https:\/\/blogs.correiobraziliense.com.br\/capital-sa\/wp-json\/wp\/v2\/users\/125"}],"replies":[{"embeddable":true,"href":"https:\/\/blogs.correiobraziliense.com.br\/capital-sa\/wp-json\/wp\/v2\/comments?post=11972"}],"version-history":[{"count":6,"href":"https:\/\/blogs.correiobraziliense.com.br\/capital-sa\/wp-json\/wp\/v2\/posts\/11972\/revisions"}],"predecessor-version":[{"id":12119,"href":"https:\/\/blogs.correiobraziliense.com.br\/capital-sa\/wp-json\/wp\/v2\/posts\/11972\/revisions\/12119"}],"wp:featuredmedia":[{"embeddable":true,"href":"https:\/\/blogs.correiobraziliense.com.br\/capital-sa\/wp-json\/wp\/v2\/media\/11978"}],"wp:attachment":[{"href":"https:\/\/blogs.correiobraziliense.com.br\/capital-sa\/wp-json\/wp\/v2\/media?parent=11972"}],"wp:term":[{"taxonomy":"category","embeddable":true,"href":"https:\/\/blogs.correiobraziliense.com.br\/capital-sa\/wp-json\/wp\/v2\/categories?post=11972"},{"taxonomy":"post_tag","embeddable":true,"href":"https:\/\/blogs.correiobraziliense.com.br\/capital-sa\/wp-json\/wp\/v2\/tags?post=11972"}],"curies":[{"name":"wp","href":"https:\/\/api.w.org\/{rel}","templated":true}]}}