{"id":11967,"date":"2023-03-01T06:46:22","date_gmt":"2023-03-01T09:46:22","guid":{"rendered":"https:\/\/blogs.correiobraziliense.com.br\/capital-sa\/?p=11967"},"modified":"2023-03-10T10:34:26","modified_gmt":"2023-03-10T13:34:26","slug":"embaixadora-do-vietna-se-reune-com-empresarios-do-df","status":"publish","type":"post","link":"https:\/\/blogs.correiobraziliense.com.br\/capital-sa\/2023\/03\/01\/embaixadora-do-vietna-se-reune-com-empresarios-do-df\/","title":{"rendered":"Embaixadora do Vietn\u00e3 se re\u00fane com empres\u00e1rios do DF"},"content":{"rendered":"<p class=\"p1\"><b>Por Samanta Sallum\u00a0<\/b><\/p>\n<p class=\"p1\"><span class=\"s2\">\u00a0A Fecom\u00e9rcio-DF e o Instituto Jovem Exportador (IJEx) realizam amanh\u00e3 a segunda edi\u00e7\u00e3o do ano do projeto Caf\u00e9 com o Embaixador. O encontro dos empres\u00e1rios da capital ser\u00e1 com a embaixadora do Vietn\u00e3, Pham Thi Kim Hoa, no Sesc da 504 Sul, das 8h30 \u00e0s 12h. O evento \u00e9 gratuito. Para participar, o interessado basta se inscrever na p\u00e1gina do IJEx.<\/span><\/p>\n<p class=\"p1\"><span class=\"s2\"><b>Networking internacional <\/b><\/span><\/p>\n<p class=\"p1\">Al\u00e9m de mostrar o potencial econ\u00f4mico do Vietn\u00e3, o objetivo do encontro \u00e9 apresentar oportunidades de neg\u00f3cios para empres\u00e1rios, empreendedores e startups que desejam diversificar mercados. Uma oportunidade de networking internacional.<\/p>\n<p class=\"p1\"><span class=\"s2\">\u00a0<\/span><b>Produtos brasilienses<\/b><\/p>\n<p class=\"p1\"><span class=\"s2\">Um <\/span><span class=\"s3\">coffee break<\/span><span class=\"s2\"> especial ser\u00e1 oferecido com comidas vietnamitas. Dez empres\u00e1rios brasilienses tamb\u00e9m v\u00e3o expor seus produtos, como caf\u00e9, bebida de a\u00e7a\u00ed, chocolate, entre outros.<\/span><\/p>\n<p class=\"p1\"><span class=\"s2\">\u201cEsta edi\u00e7\u00e3o ser\u00e1 muito interessante, pois o Vietn\u00e3 \u00e9 um pa\u00eds com o qual o Brasil tem mais de 30 anos de rela\u00e7\u00e3o diplom\u00e1tica, e tamb\u00e9m \u00e9 nosso relevante parceiro comercial\u201d, afirma Jos\u00e9 Aparecido Freire.<\/span><\/p>\n","protected":false},"excerpt":{"rendered":"<p>Por Samanta Sallum\u00a0 \u00a0A Fecom\u00e9rcio-DF e o Instituto Jovem Exportador (IJEx) realizam amanh\u00e3 a segunda edi\u00e7\u00e3o do ano do projeto Caf\u00e9 com o Embaixador. O encontro dos empres\u00e1rios da capital ser\u00e1 com a embaixadora do Vietn\u00e3, Pham Thi Kim Hoa, no Sesc da 504 Sul, das 8h30 \u00e0s 12h. O evento \u00e9 gratuito. Para participar, o interessado basta se inscrever [&hellip;]<\/p>\n","protected":false},"author":125,"featured_media":11971,"comment_status":"open","ping_status":"open","sticky":false,"template":"","format":"standard","meta":{"footnotes":""},"categories":[6],"tags":[1871,734,1872,1870,62],"class_list":["post-11967","post","type-post","status-publish","format-standard","has-post-thumbnail","hentry","category-coluna-capital-s-a","tag-cafecomoembaixador","tag-fecomercio-df","tag-ijex","tag-vietna","tag-sesc"],"_links":{"self":[{"href":"https:\/\/blogs.correiobraziliense.com.br\/capital-sa\/wp-json\/wp\/v2\/posts\/11967","targetHints":{"allow":["GET"]}}],"collection":[{"href":"https:\/\/blogs.correiobraziliense.com.br\/capital-sa\/wp-json\/wp\/v2\/posts"}],"about":[{"href":"https:\/\/blogs.correiobraziliense.com.br\/capital-sa\/wp-json\/wp\/v2\/types\/post"}],"author":[{"embeddable":true,"href":"https:\/\/blogs.correiobraziliense.com.br\/capital-sa\/wp-json\/wp\/v2\/users\/125"}],"replies":[{"embeddable":true,"href":"https:\/\/blogs.correiobraziliense.com.br\/capital-sa\/wp-json\/wp\/v2\/comments?post=11967"}],"version-history":[{"count":5,"href":"https:\/\/blogs.correiobraziliense.com.br\/capital-sa\/wp-json\/wp\/v2\/posts\/11967\/revisions"}],"predecessor-version":[{"id":12117,"href":"https:\/\/blogs.correiobraziliense.com.br\/capital-sa\/wp-json\/wp\/v2\/posts\/11967\/revisions\/12117"}],"wp:featuredmedia":[{"embeddable":true,"href":"https:\/\/blogs.correiobraziliense.com.br\/capital-sa\/wp-json\/wp\/v2\/media\/11971"}],"wp:attachment":[{"href":"https:\/\/blogs.correiobraziliense.com.br\/capital-sa\/wp-json\/wp\/v2\/media?parent=11967"}],"wp:term":[{"taxonomy":"category","embeddable":true,"href":"https:\/\/blogs.correiobraziliense.com.br\/capital-sa\/wp-json\/wp\/v2\/categories?post=11967"},{"taxonomy":"post_tag","embeddable":true,"href":"https:\/\/blogs.correiobraziliense.com.br\/capital-sa\/wp-json\/wp\/v2\/tags?post=11967"}],"curies":[{"name":"wp","href":"https:\/\/api.w.org\/{rel}","templated":true}]}}