{"id":1196,"date":"2021-01-04T10:16:23","date_gmt":"2021-01-04T13:16:23","guid":{"rendered":"https:\/\/blogs.correiobraziliense.com.br\/capital-sa\/?p=1196"},"modified":"2021-01-04T10:25:20","modified_gmt":"2021-01-04T13:25:20","slug":"voetur-2021","status":"publish","type":"post","link":"https:\/\/blogs.correiobraziliense.com.br\/capital-sa\/2021\/01\/04\/voetur-2021\/","title":{"rendered":"Voetur 2021"},"content":{"rendered":"<p><img loading=\"lazy\" decoding=\"async\" class=\"aligncenter size-medium wp-image-1184\" src=\"https:\/\/blogs.correiobraziliense.com.br\/capital-sa\/wp-content\/uploads\/sites\/59\/2021\/01\/v2-242x300.jpg\" alt=\"\" width=\"242\" height=\"300\" srcset=\"https:\/\/blogs.correiobraziliense.com.br\/capital-sa\/wp-content\/uploads\/sites\/59\/2021\/01\/v2-242x300.jpg 242w, https:\/\/blogs.correiobraziliense.com.br\/capital-sa\/wp-content\/uploads\/sites\/59\/2021\/01\/v2-550x683.jpg 550w, https:\/\/blogs.correiobraziliense.com.br\/capital-sa\/wp-content\/uploads\/sites\/59\/2021\/01\/v2-230x286.jpg 230w, https:\/\/blogs.correiobraziliense.com.br\/capital-sa\/wp-content\/uploads\/sites\/59\/2021\/01\/v2.jpg 723w\" sizes=\"auto, (max-width: 242px) 100vw, 242px\" \/><\/p>\n<p>O presidente do Grupo Voetur, Carlos Alberto de S\u00e1, faz o balan\u00e7o para este ano.<\/p>\n<p>\u201c2020 foi desafiador pra n\u00f3s empres\u00e1rios, em especial no segmento do turismo, onde tenho grande atua\u00e7\u00e3o. Mas tamb\u00e9m nos for\u00e7ou a rever processos, otimizar custos e m\u00e3o de obra,a lidar com novas formas de trabalho e mostrar nossa resili\u00eancia. Tamb\u00e9m foi uma oportunidade de estar com a fam\u00edlia e valorizar estes momentos cada vez mais. Para 2021, acredito numa retomada gradual nas atividades logo ap\u00f3s a vacina, mas tamb\u00e9m penso que o tele trabalho e a tecnologia, muito usada na pandemia, vieram pra ficar.\u201d<\/p>\n<p>De malas prontas para SP<\/p>\n<p>A empresa brasiliense Voetur come\u00e7a o ano com novos empreendimentos. Acaba de abrir as portas da filial em S\u00e3o Paulo. O diretor comercial Humberto Can\u00e7ado est\u00e1 de mudan\u00e7a hoje para assumir os neg\u00f3cios por l\u00e1.<\/p>\n<p>\u201cEstes \u00faltimos meses tive a oportunidade de rever conceitos pessoais e profissionais, avaliar o que realmente era essencial. Acho que a palavra que resume 2020 \u00e9 perplexidade. 2021 \u00e9 a vinda no novo, estamos mais preparados, j\u00e1 sabemos com o que estamos lidando, portanto acredito que ser\u00e1 a vez da recupera\u00e7\u00e3o. Tanto da economia quanto das rela\u00e7\u00f5es pessoais, que valorizo bastante\u201d, avalia Can\u00e7ado.<\/p>\n<p><img loading=\"lazy\" decoding=\"async\" class=\"aligncenter size-medium wp-image-1183\" src=\"https:\/\/blogs.correiobraziliense.com.br\/capital-sa\/wp-content\/uploads\/sites\/59\/2021\/01\/v1-300x225.jpg\" alt=\"\" width=\"300\" height=\"225\" srcset=\"https:\/\/blogs.correiobraziliense.com.br\/capital-sa\/wp-content\/uploads\/sites\/59\/2021\/01\/v1-300x225.jpg 300w, https:\/\/blogs.correiobraziliense.com.br\/capital-sa\/wp-content\/uploads\/sites\/59\/2021\/01\/v1.jpg 768w, https:\/\/blogs.correiobraziliense.com.br\/capital-sa\/wp-content\/uploads\/sites\/59\/2021\/01\/v1-550x413.jpg 550w, https:\/\/blogs.correiobraziliense.com.br\/capital-sa\/wp-content\/uploads\/sites\/59\/2021\/01\/v1-230x173.jpg 230w\" sizes=\"auto, (max-width: 300px) 100vw, 300px\" \/><\/p>\n","protected":false},"excerpt":{"rendered":"<p>O presidente do Grupo Voetur, Carlos Alberto de S\u00e1, faz o balan\u00e7o para este ano. \u201c2020 foi desafiador pra n\u00f3s empres\u00e1rios, em especial no segmento do turismo, onde tenho grande atua\u00e7\u00e3o. Mas tamb\u00e9m nos for\u00e7ou a rever processos, otimizar custos e m\u00e3o de obra,a lidar com novas formas de trabalho e mostrar nossa resili\u00eancia. Tamb\u00e9m foi uma oportunidade de estar [&hellip;]<\/p>\n","protected":false},"author":125,"featured_media":0,"comment_status":"open","ping_status":"open","sticky":false,"template":"","format":"standard","meta":{"footnotes":""},"categories":[1],"tags":[],"class_list":["post-1196","post","type-post","status-publish","format-standard","hentry","category-sem-categoria"],"_links":{"self":[{"href":"https:\/\/blogs.correiobraziliense.com.br\/capital-sa\/wp-json\/wp\/v2\/posts\/1196","targetHints":{"allow":["GET"]}}],"collection":[{"href":"https:\/\/blogs.correiobraziliense.com.br\/capital-sa\/wp-json\/wp\/v2\/posts"}],"about":[{"href":"https:\/\/blogs.correiobraziliense.com.br\/capital-sa\/wp-json\/wp\/v2\/types\/post"}],"author":[{"embeddable":true,"href":"https:\/\/blogs.correiobraziliense.com.br\/capital-sa\/wp-json\/wp\/v2\/users\/125"}],"replies":[{"embeddable":true,"href":"https:\/\/blogs.correiobraziliense.com.br\/capital-sa\/wp-json\/wp\/v2\/comments?post=1196"}],"version-history":[{"count":4,"href":"https:\/\/blogs.correiobraziliense.com.br\/capital-sa\/wp-json\/wp\/v2\/posts\/1196\/revisions"}],"predecessor-version":[{"id":1200,"href":"https:\/\/blogs.correiobraziliense.com.br\/capital-sa\/wp-json\/wp\/v2\/posts\/1196\/revisions\/1200"}],"wp:attachment":[{"href":"https:\/\/blogs.correiobraziliense.com.br\/capital-sa\/wp-json\/wp\/v2\/media?parent=1196"}],"wp:term":[{"taxonomy":"category","embeddable":true,"href":"https:\/\/blogs.correiobraziliense.com.br\/capital-sa\/wp-json\/wp\/v2\/categories?post=1196"},{"taxonomy":"post_tag","embeddable":true,"href":"https:\/\/blogs.correiobraziliense.com.br\/capital-sa\/wp-json\/wp\/v2\/tags?post=1196"}],"curies":[{"name":"wp","href":"https:\/\/api.w.org\/{rel}","templated":true}]}}