{"id":11956,"date":"2023-02-28T11:20:26","date_gmt":"2023-02-28T14:20:26","guid":{"rendered":"https:\/\/blogs.correiobraziliense.com.br\/capital-sa\/?p=11956"},"modified":"2023-03-10T10:32:16","modified_gmt":"2023-03-10T13:32:16","slug":"cpi-dos-atos-antidemocraticos-convoca-coronel-cintia-para-depor","status":"publish","type":"post","link":"https:\/\/blogs.correiobraziliense.com.br\/capital-sa\/2023\/02\/28\/cpi-dos-atos-antidemocraticos-convoca-coronel-cintia-para-depor\/","title":{"rendered":"CPI dos Atos Antidemocr\u00e1ticos convoca coronel C\u00edntia para depor"},"content":{"rendered":"<p><i>A comiss\u00e3o tamb\u00e9m pediu documentos \u00e0 Presid\u00eancia da Rep\u00fablica e \u00e0 AGU<br \/>\n<\/i><\/p>\n<p><b>Por Samanta Sallum<\/b><\/p>\n<p>O relator da CPI dos Atos Antidemocr\u00e1ticos, deputado distrital Hermeto (MDB), convocou a subsecret\u00e1ria de Opera\u00e7\u00f5es Integradas da Secretaria de Seguran\u00e7a P\u00fablica, Coronel C\u00edntia Queiroz de Castro, para depor na CPI e prestar os devidos esclarecimentos sobre os fatos ocorridos em 12 de dezembro de 2022 e 8 de janeiro de 2023.<\/p>\n<p>Ela j\u00e1 relatou em depoimento \u00e0 Pol\u00edcia Federal que a PM n\u00e3o fez o &#8220;devido planejamento pr\u00f3prio&#8221;. Afrmou que caberia \u00e0 PM elaborar uma opera\u00e7\u00e3o espec\u00edfica para lidar com a manifesta\u00e7\u00e3o do dia 8 de janeiro.<\/p>\n<p>A coronel disse ainda \u00e0 PF que o documento com protocolo geral de opera\u00e7\u00f5es para aquela data foi devidamente elaborado pela Secretaria de Seguran\u00e7a do DF e aprovado pelo ent\u00e3o secret\u00e1rio, Anderson Torres. No entanto, ela aponta que ele n\u00e3o fez o papel de \u00a0acompanhar nem fiscalizar a execu\u00e7\u00e3o daquele planejamento. E, assim, a PM teria ficado com a brecha para n\u00e3o intensificar as a\u00e7\u00f5es de prote\u00e7\u00e3o \u00e0 Esplanada.<\/p>\n<p class=\"p1\"><span class=\"s1\">A comiss\u00e3o ouvir\u00e1 o primeiro depoimento presencial na pr\u00f3xima quinta-feira, \u00e0s 10h.<span class=\"Apple-converted-space\">\u00a0 <\/span>Come\u00e7ar\u00e1 com o ex-secret\u00e1rio executivo de Seguran\u00e7a do DF delegado federal Fernando Oliveira. Ele ficou famoso pelos repetidos \u00e1udios que enviou ao governador afastado Ibaneis Rocha, na fat\u00eddica tarde de 8 de janeiro, afirmando que \u201ctudo estava tranquilo\u201d. <\/span><\/p>\n<p><b>Imagens de circuito interno\u00a0<\/b><\/p>\n<p>Al\u00e9m da convoca\u00e7\u00e3o, dois requerimentos feitos pelo relator, deputado Hermeto, foram despachados hoje, um encaminhado \u00e0 Advocacia-Geral da Uni\u00e3o solicitando c\u00f3pia integral de todas as a\u00e7\u00f5es civis e criminais que tenham como polo passivo a AGU em decorr\u00eancia aos dias das invas\u00f5es.<\/p>\n<p>O outro requerimento foi feito \u00e0 Presid\u00eancia da Rep\u00fablica solicitando todos os documentos produzidos relacionados aos fatos ocorridos no dia 8 de janeiro, incluindo imagens do circuito interno e externo dos locais depredados, come\u00e7ando com duas horas antes do in\u00edcio das invas\u00f5es at\u00e9 o final das a\u00e7\u00f5es.<\/p>\n<p>&#8220;Tanto os depoimentos quanto as informa\u00e7\u00f5es que ser\u00e3o fornecidas pelos \u00f3rg\u00e3os s\u00e3o muito importantes. E a aus\u00eancia desse material certamente limitar\u00e1 o alcance investigativo desta CPI, por isso como relator irei trabalhar para juntar todas as informa\u00e7\u00f5es necess\u00e1rias&#8221;, explicou Hermeto.<\/p>\n<p>&nbsp;<\/p>\n","protected":false},"excerpt":{"rendered":"<p>A comiss\u00e3o tamb\u00e9m pediu documentos \u00e0 Presid\u00eancia da Rep\u00fablica e \u00e0 AGU Por Samanta Sallum O relator da CPI dos Atos Antidemocr\u00e1ticos, deputado distrital Hermeto (MDB), convocou a subsecret\u00e1ria de Opera\u00e7\u00f5es Integradas da Secretaria de Seguran\u00e7a P\u00fablica, Coronel C\u00edntia Queiroz de Castro, para depor na CPI e prestar os devidos esclarecimentos sobre os fatos ocorridos em 12 de dezembro de [&hellip;]<\/p>\n","protected":false},"author":125,"featured_media":11965,"comment_status":"open","ping_status":"open","sticky":false,"template":"","format":"standard","meta":{"footnotes":""},"categories":[1],"tags":[1867,1866,1869,1868,1454],"class_list":["post-11956","post","type-post","status-publish","format-standard","has-post-thumbnail","hentry","category-sem-categoria","tag-atosantidemocraticos","tag-cpi","tag-depoimento","tag-imagens","tag-pm"],"_links":{"self":[{"href":"https:\/\/blogs.correiobraziliense.com.br\/capital-sa\/wp-json\/wp\/v2\/posts\/11956","targetHints":{"allow":["GET"]}}],"collection":[{"href":"https:\/\/blogs.correiobraziliense.com.br\/capital-sa\/wp-json\/wp\/v2\/posts"}],"about":[{"href":"https:\/\/blogs.correiobraziliense.com.br\/capital-sa\/wp-json\/wp\/v2\/types\/post"}],"author":[{"embeddable":true,"href":"https:\/\/blogs.correiobraziliense.com.br\/capital-sa\/wp-json\/wp\/v2\/users\/125"}],"replies":[{"embeddable":true,"href":"https:\/\/blogs.correiobraziliense.com.br\/capital-sa\/wp-json\/wp\/v2\/comments?post=11956"}],"version-history":[{"count":10,"href":"https:\/\/blogs.correiobraziliense.com.br\/capital-sa\/wp-json\/wp\/v2\/posts\/11956\/revisions"}],"predecessor-version":[{"id":12115,"href":"https:\/\/blogs.correiobraziliense.com.br\/capital-sa\/wp-json\/wp\/v2\/posts\/11956\/revisions\/12115"}],"wp:featuredmedia":[{"embeddable":true,"href":"https:\/\/blogs.correiobraziliense.com.br\/capital-sa\/wp-json\/wp\/v2\/media\/11965"}],"wp:attachment":[{"href":"https:\/\/blogs.correiobraziliense.com.br\/capital-sa\/wp-json\/wp\/v2\/media?parent=11956"}],"wp:term":[{"taxonomy":"category","embeddable":true,"href":"https:\/\/blogs.correiobraziliense.com.br\/capital-sa\/wp-json\/wp\/v2\/categories?post=11956"},{"taxonomy":"post_tag","embeddable":true,"href":"https:\/\/blogs.correiobraziliense.com.br\/capital-sa\/wp-json\/wp\/v2\/tags?post=11956"}],"curies":[{"name":"wp","href":"https:\/\/api.w.org\/{rel}","templated":true}]}}