{"id":11911,"date":"2023-02-27T07:26:57","date_gmt":"2023-02-27T10:26:57","guid":{"rendered":"https:\/\/blogs.correiobraziliense.com.br\/capital-sa\/?p=11911"},"modified":"2023-02-27T10:36:25","modified_gmt":"2023-02-27T13:36:25","slug":"df-bate-recorde-de-pessoas-com-o-nome-sujo-no-serasa","status":"publish","type":"post","link":"https:\/\/blogs.correiobraziliense.com.br\/capital-sa\/2023\/02\/27\/df-bate-recorde-de-pessoas-com-o-nome-sujo-no-serasa\/","title":{"rendered":"Metade da popula\u00e7\u00e3o do DF est\u00e1 com o nome \u201csujo\u201d na pra\u00e7a"},"content":{"rendered":"<p class=\"p1\"><em>N\u00famero de devedores na capital federal bateu recorde.\u00a0Saiba como ser\u00e1 poss\u00edvel renegociar d\u00edvidas na Serasa\u00a0<\/em><em><br \/>\n<\/em><\/p>\n<p class=\"p1\"><b>Por Samanta Sallum\u00a0<\/b><\/p>\n<p>H\u00e1 1,2 milh\u00e3o de pessoas inadimplentes no Distrito Federal, o equivalente a 51% da popula\u00e7\u00e3o adulta. O valor m\u00e9dio de d\u00edvida por pessoa \u00e9 o maior do pa\u00eds. A coluna apurou tamb\u00e9m, junto da Serasa, que a quantidade de pessoas com nome \u201csujo\u201d \u00e9 recorde na capital federal desde que esses dados come\u00e7aram a ser levantados, em 2016.<\/p>\n<p class=\"p1\"><span class=\"s1\">O valor da inadimpl\u00eancia chega a R$ 8,6 milh\u00f5es, o que corresponde a uma d\u00edvida m\u00e9dia de R$ 7 mil. A maior parte, 53,1%, dos inadimplentes \u00e9 do sexo masculino. Desses 35,6% \u00a0t\u00eam entre 26 e 40 anos, seguidos pelas pessoas com idade entre 41 e 60 anos (34,7% do total).\u00a0<\/span><\/p>\n<p>Hoje ser\u00e1 divulgada a 21\u00aa edi\u00e7\u00e3o do Mapa Nacional de Inadimpl\u00eancia feito pela Serasa, empresa brasileira de an\u00e1lises e informa\u00e7\u00f5es para decis\u00f5es de cr\u00e9dito e apoio a neg\u00f3cios.<\/p>\n<p class=\"p1\"><span class=\"s1\"><b>Feir\u00e3o para limpar o nome na Rodovi\u00e1ria <\/b><\/span><\/p>\n<p class=\"p1\"><span class=\"s2\">Pela primeira vez, Bras\u00edlia recebe a edi\u00e7\u00e3o f\u00edsica do <\/span><em><span class=\"s1\">Feir\u00e3o Serasa Limpa Nome<\/span><\/em><span class=\"s2\"><em>,<\/em> o maior evento de renegocia\u00e7\u00e3o de d\u00edvidas do pa\u00eds. De <\/span><span class=\"s1\">28 de fevereiro a 4 de mar\u00e7o<\/span><span class=\"s2\">, os moradores da capital ter\u00e3o a oportunidade de renegociar presencialmente suas d\u00edvidas no estacionamento Superior Sul do Terminal Rodovi\u00e1rio do Plano Piloto, na regi\u00e3o Central, das 8h \u00e0s 18h. <\/span><\/p>\n<p class=\"p1\"><span class=\"s2\"><b>Empresas parceiras <\/b><\/span><\/p>\n<p class=\"p1\"><span class=\"s2\">O Feir\u00e3o Limpa Nome tamb\u00e9m estar\u00e1 dispon\u00edvel at\u00e9 <\/span><span class=\"s1\">31 de mar\u00e7o<\/span><span class=\"s2\"> pelos canais digitais da Serasa. Esta edi\u00e7\u00e3o traz 425 empresas parceiras, de diversos segmentos, como bancos, financeiras, securitizadoras (que compram d\u00edvidas), companhias de telefonia, varejistas, universidades e outros.<\/span><\/p>\n<p class=\"p1\"><span class=\"s2\">Vai oferecer<span class=\"Apple-converted-space\">\u00a0<\/span>op\u00e7\u00e3o de pagamento via Pix, a baixa da negativa\u00e7\u00e3o instant\u00e2nea e descontos de at\u00e9 99%. Tamb\u00e9m ser\u00e1 poss\u00edvel renegociar d\u00e9bitos em abertos com a <\/span><span class=\"s1\">Caixa,<\/span><span class=\"s2\"> que estar\u00e1 com atendimento presencial.<\/span><\/p>\n<p class=\"p1\"><span class=\"s2\">\u00a0<b>Boa ades\u00e3o\u00a0<\/b><\/span><\/p>\n<p class=\"p1\"><span class=\"s2\">&#8220;Historicamente, a popula\u00e7\u00e3o de Bras\u00edlia adere bem \u00e0s campanhas de negocia\u00e7\u00e3o de d\u00edvidas. Trazer o atendimento presencial para a capital federal \u00e9 mais uma forma de facilitar a vida dos moradores locais&#8221;, explica Matheus Moura, diretor da Serasa<\/span><span class=\"s3\">.<\/span><\/p>\n<p class=\"p1\"><span class=\"s1\"><b>Cen\u00e1rio nacional\u00a0<\/b><\/span><\/p>\n<p class=\"p1\"><span class=\"s1\">De acordo com a Serasa, o brasileiro est\u00e1 passando por dificuldades, j\u00e1 que mais de 70 milh\u00f5es de pessoas est\u00e3o convivendo com a inadimpl\u00eancia. Cerca de 250 milh\u00f5es de d\u00edvidas ativas foram registradas em janeiro.<\/span><\/p>\n<p class=\"p1\"><span class=\"s1\">O valor m\u00e9dio da d\u00edvida do brasileiro inadimplente \u00e9 de R$ 4.612,28, enquanto o volume total da cifra devedora chega a R$ 323 bilh\u00f5es.<\/span><\/p>\n<p>Para saber se est\u00e1 com o nome sujo consulte o site: <a href=\"http:\/\/www.serasalimpanome.com.br\/\"><span class=\"s2\">http:\/\/www.serasalimpanome.com.br<\/span><\/a><\/p>\n","protected":false},"excerpt":{"rendered":"<p>N\u00famero de devedores na capital federal bateu recorde.\u00a0Saiba como ser\u00e1 poss\u00edvel renegociar d\u00edvidas na Serasa\u00a0 Por Samanta Sallum\u00a0 H\u00e1 1,2 milh\u00e3o de pessoas inadimplentes no Distrito Federal, o equivalente a 51% da popula\u00e7\u00e3o adulta. O valor m\u00e9dio de d\u00edvida por pessoa \u00e9 o maior do pa\u00eds. A coluna apurou tamb\u00e9m, junto da Serasa, que a quantidade de pessoas com nome [&hellip;]<\/p>\n","protected":false},"author":125,"featured_media":11920,"comment_status":"open","ping_status":"open","sticky":false,"template":"","format":"standard","meta":{"footnotes":""},"categories":[6],"tags":[1331,827,1861,1379,1862,1860,592],"class_list":["post-11911","post","type-post","status-publish","format-standard","has-post-thumbnail","hentry","category-coluna-capital-s-a","tag-caixa","tag-capitalfederal","tag-feirao","tag-inadimplencia","tag-limpanome","tag-recorde","tag-serasa"],"_links":{"self":[{"href":"https:\/\/blogs.correiobraziliense.com.br\/capital-sa\/wp-json\/wp\/v2\/posts\/11911","targetHints":{"allow":["GET"]}}],"collection":[{"href":"https:\/\/blogs.correiobraziliense.com.br\/capital-sa\/wp-json\/wp\/v2\/posts"}],"about":[{"href":"https:\/\/blogs.correiobraziliense.com.br\/capital-sa\/wp-json\/wp\/v2\/types\/post"}],"author":[{"embeddable":true,"href":"https:\/\/blogs.correiobraziliense.com.br\/capital-sa\/wp-json\/wp\/v2\/users\/125"}],"replies":[{"embeddable":true,"href":"https:\/\/blogs.correiobraziliense.com.br\/capital-sa\/wp-json\/wp\/v2\/comments?post=11911"}],"version-history":[{"count":15,"href":"https:\/\/blogs.correiobraziliense.com.br\/capital-sa\/wp-json\/wp\/v2\/posts\/11911\/revisions"}],"predecessor-version":[{"id":11921,"href":"https:\/\/blogs.correiobraziliense.com.br\/capital-sa\/wp-json\/wp\/v2\/posts\/11911\/revisions\/11921"}],"wp:featuredmedia":[{"embeddable":true,"href":"https:\/\/blogs.correiobraziliense.com.br\/capital-sa\/wp-json\/wp\/v2\/media\/11920"}],"wp:attachment":[{"href":"https:\/\/blogs.correiobraziliense.com.br\/capital-sa\/wp-json\/wp\/v2\/media?parent=11911"}],"wp:term":[{"taxonomy":"category","embeddable":true,"href":"https:\/\/blogs.correiobraziliense.com.br\/capital-sa\/wp-json\/wp\/v2\/categories?post=11911"},{"taxonomy":"post_tag","embeddable":true,"href":"https:\/\/blogs.correiobraziliense.com.br\/capital-sa\/wp-json\/wp\/v2\/tags?post=11911"}],"curies":[{"name":"wp","href":"https:\/\/api.w.org\/{rel}","templated":true}]}}