{"id":11885,"date":"2023-02-23T13:40:02","date_gmt":"2023-02-23T16:40:02","guid":{"rendered":"https:\/\/blogs.correiobraziliense.com.br\/capital-sa\/?p=11885"},"modified":"2023-02-27T09:40:02","modified_gmt":"2023-02-27T12:40:02","slug":"confira-a-validade-do-saldo-do-nota-legal-e-a-data-do-sorteio-de-premios","status":"publish","type":"post","link":"https:\/\/blogs.correiobraziliense.com.br\/capital-sa\/2023\/02\/23\/confira-a-validade-do-saldo-do-nota-legal-e-a-data-do-sorteio-de-premios\/","title":{"rendered":"Confira a validade do saldo do Nota Legal e a data do sorteio de pr\u00eamios"},"content":{"rendered":"<p><b>Por Samanta Sallum\u00a0<\/b><\/p>\n<p class=\"p1\">A validade dos cr\u00e9ditos acumulados de quem participa do Programa Nota Legal no DF \u00e9 de 2 anos. Ent\u00e3o, o contribuinte que n\u00e3o quis ou n\u00e3o conseguiu, em janeiro, aplicar o saldo para abater do pagamento de IPTU e IPVA poder\u00e1 ainda us\u00e1-los futuramente.<\/p>\n<h3 class=\"p1\"><span class=\"s1\">Dep\u00f3sito em conta <\/span><\/h3>\n<p class=\"p1\"><span class=\"s1\">Em junho, a Sefaz abrir\u00e1 um chamamento para aqueles<span class=\"Apple-converted-space\">\u00a0<\/span>que quiserem a devolu\u00e7\u00e3o do cr\u00e9dito em dep\u00f3sito em conta banc\u00e1ria, caso optem por n\u00e3o deixar acumular para o pr\u00f3ximo ano. O pedido deve ser feito pelo site do Nota Legal. E, para receber, a pessoa n\u00e3o pode estar inadimplente com o GDF.<\/span><\/p>\n<h3 class=\"p1\"><span class=\"s1\">Divulgada data do sorteio <\/span><\/h3>\n<p class=\"p1\"><span class=\"s1\">Segundo a <a href=\"http:\/\/agenciabrasilia.df.gov.br\/wp-conteudo\/uploads\/2023\/02\/Nota-Legal.pdf\">Instru\u00e7\u00e3o Normativa n\u00ba 01<\/a>, publicada no <em>Di\u00e1rio Oficial do Distrito Federal<\/em> de ontem, o sorteio de pr\u00eamios do Nota Legal do primeiro semestre de 2023 ocorrer\u00e1 em 25 de maio. Ser\u00e3o distribu\u00eddos 12,6 mil pr\u00eamios, que variam de R$ 100 a R$ 500 mil. <\/span><\/p>\n<p class=\"p1\"><span class=\"s1\"><strong>R$ 3 milh\u00f5es<\/strong> <\/span><\/p>\n<p class=\"p1\"><span class=\"s1\">Ser\u00e1 o valor total em pr\u00eamios do Nota Legal em maio.<\/span><\/p>\n<h3 class=\"p1\"><span class=\"s1\">Habilita\u00e7\u00e3o <\/span><\/h3>\n<p class=\"p1\"><span class=\"s1\">Est\u00e3o aptas a participar do sorteio as pessoas f\u00edsicas cadastradas no programa e que n\u00e3o estejam inadimplentes com a Receita do Distrito Federal. O per\u00edodo de habilita\u00e7\u00e3o para o sorteio come\u00e7a em 10 de mar\u00e7o e vai at\u00e9 14 de abril. \u00c9 o prazo para se cadastrar e estar com todos os impostos em dia com o GDF.<\/span><\/p>\n<h3 class=\"p1\"><span class=\"s1\">Per\u00edodo de compras <\/span><\/h3>\n<p class=\"p1\"><span class=\"s1\">A Secretaria de Fazenda refor\u00e7a que somente participar\u00e1 do sorteio quem estiver cadastrado, sem d\u00e9bitos e que tenha pelo menos um documento com CPF inserido em cupom fiscal de compra entre 1\u00ba de maio de 2022 e 31 de outubro de 2022.<\/span><\/p>\n","protected":false},"excerpt":{"rendered":"<p>Por Samanta Sallum\u00a0 A validade dos cr\u00e9ditos acumulados de quem participa do Programa Nota Legal no DF \u00e9 de 2 anos. Ent\u00e3o, o contribuinte que n\u00e3o quis ou n\u00e3o conseguiu, em janeiro, aplicar o saldo para abater do pagamento de IPTU e IPVA poder\u00e1 ainda us\u00e1-los futuramente. Dep\u00f3sito em conta Em junho, a Sefaz abrir\u00e1 um chamamento para aqueles\u00a0que quiserem [&hellip;]<\/p>\n","protected":false},"author":125,"featured_media":11887,"comment_status":"open","ping_status":"open","sticky":false,"template":"","format":"standard","meta":{"footnotes":""},"categories":[1],"tags":[1859,203,1858,290],"class_list":["post-11885","post","type-post","status-publish","format-standard","has-post-thumbnail","hentry","category-sem-categoria","tag-creditos","tag-gdf","tag-notalegal","tag-sorteio"],"_links":{"self":[{"href":"https:\/\/blogs.correiobraziliense.com.br\/capital-sa\/wp-json\/wp\/v2\/posts\/11885","targetHints":{"allow":["GET"]}}],"collection":[{"href":"https:\/\/blogs.correiobraziliense.com.br\/capital-sa\/wp-json\/wp\/v2\/posts"}],"about":[{"href":"https:\/\/blogs.correiobraziliense.com.br\/capital-sa\/wp-json\/wp\/v2\/types\/post"}],"author":[{"embeddable":true,"href":"https:\/\/blogs.correiobraziliense.com.br\/capital-sa\/wp-json\/wp\/v2\/users\/125"}],"replies":[{"embeddable":true,"href":"https:\/\/blogs.correiobraziliense.com.br\/capital-sa\/wp-json\/wp\/v2\/comments?post=11885"}],"version-history":[{"count":6,"href":"https:\/\/blogs.correiobraziliense.com.br\/capital-sa\/wp-json\/wp\/v2\/posts\/11885\/revisions"}],"predecessor-version":[{"id":11927,"href":"https:\/\/blogs.correiobraziliense.com.br\/capital-sa\/wp-json\/wp\/v2\/posts\/11885\/revisions\/11927"}],"wp:featuredmedia":[{"embeddable":true,"href":"https:\/\/blogs.correiobraziliense.com.br\/capital-sa\/wp-json\/wp\/v2\/media\/11887"}],"wp:attachment":[{"href":"https:\/\/blogs.correiobraziliense.com.br\/capital-sa\/wp-json\/wp\/v2\/media?parent=11885"}],"wp:term":[{"taxonomy":"category","embeddable":true,"href":"https:\/\/blogs.correiobraziliense.com.br\/capital-sa\/wp-json\/wp\/v2\/categories?post=11885"},{"taxonomy":"post_tag","embeddable":true,"href":"https:\/\/blogs.correiobraziliense.com.br\/capital-sa\/wp-json\/wp\/v2\/tags?post=11885"}],"curies":[{"name":"wp","href":"https:\/\/api.w.org\/{rel}","templated":true}]}}