{"id":11878,"date":"2023-02-22T08:25:19","date_gmt":"2023-02-22T11:25:19","guid":{"rendered":"https:\/\/blogs.correiobraziliense.com.br\/capital-sa\/?p=11878"},"modified":"2023-02-27T09:29:00","modified_gmt":"2023-02-27T12:29:00","slug":"secretaria-de-fazenda-do-df-prorroga-prazos-para-pagamento-do-iss","status":"publish","type":"post","link":"https:\/\/blogs.correiobraziliense.com.br\/capital-sa\/2023\/02\/22\/secretaria-de-fazenda-do-df-prorroga-prazos-para-pagamento-do-iss\/","title":{"rendered":"Secretaria de Fazenda do DF prorroga prazo para pagamento do ISS"},"content":{"rendered":"<p><em>Notas fiscais emitidas no sistema antigo tamb\u00e9m ser\u00e3o validadas pela subsecretaria de Receita\u00a0<\/em><\/p>\n<p><b>Por Samanta Sallum\u00a0<\/b><\/p>\n<p class=\"p1\">Em raz\u00e3o das dificuldades t\u00e9cnicas e operacionais que os contribuintes do DF v\u00eam enfrentando para se adequarem \u00e0 utiliza\u00e7\u00e3o do novo Sistema de Arrecada\u00e7\u00e3o de Imposto sobre Servi\u00e7os (ISS), a Secretaria de Fazenda, procurada pela coluna, informou algumas medidas e tamb\u00e9m fez esclarecimentos. Milhares de prestadores de servi\u00e7o no DF dependem dessa nota fiscal. Ser\u00e3o validadas as emitidas, nos meses de janeiro e fevereiro de 2023, por meio da antiga plataforma &#8220;Sefaz Virtual Rio Grande do Sul (SVRS)&#8221;.<\/p>\n<p class=\"p1\"><span class=\"s1\"><b>Para evitar duplicidade <\/b><\/span><\/p>\n<p class=\"p1\"><span class=\"s1\">Os contribuintes que tiveram de utilizar a plataforma &#8220;Sefaz Virtual Rio Grande do Sul (SVRS)&#8221; dever\u00e3o realizar a Escritura\u00e7\u00e3o Fiscal Digital.\u00a0<\/span>Mas somente das NF-e e\/ou NFC\u00a0 para as quais n\u00e3o houve a emiss\u00e3o no novo sistema em substitui\u00e7\u00e3o destas. Isso para evitar duplicidade de registro para a mesma presta\u00e7\u00e3o de servi\u00e7o.<\/p>\n<p class=\"p1\"><span class=\"s1\"><b>Novos prazos para ISS<\/b><\/span><\/p>\n<p class=\"p1\"><span class=\"s1\">A Sefaz concedeu, excepcionalmente, os seguintes novos prazos, exclusivamente para os contribuintes de ISS:<\/span><\/p>\n<ul class=\"ul1\">\n<li class=\"li1\"><span class=\"s1\">28 de fevereiro de 2023 para apura\u00e7\u00e3o e pagamento do imposto relativos ao m\u00eas de janeiro de 2023;<\/span><\/li>\n<li class=\"li1\"><span class=\"s1\">20 de mar\u00e7o de 2023, para entrega dos arquivos exclusivamente para os contribuintes do ISS que utilizaram a plataforma\u00a0anterior para emiss\u00e3o de NF-e Modelo 55\u00a0e NFC-e Modelo 65 no m\u00eas de janeiro de 2023.<\/span><\/li>\n<\/ul>\n<p class=\"p1\"><span class=\"s1\"><b>Plataforma ser\u00e1 desabilitada no dia 28 <\/b><\/span><\/p>\n<p class=\"p1\"><span class=\"s1\">A Sefaz informou ainda que a plataforma do sistema anterior para emiss\u00e3o de nota ISS ser\u00e1 desabilitada impreterivelmente no pr\u00f3ximo dia 28 de fevereiro. A partir de 1\u00ba de mar\u00e7o, todos os contribuintes do ISS dever\u00e3o obrigatoriamente fazer uso da nova sistm\u00e1tica para emiss\u00e3o das Notas Fiscais de Servi\u00e7o eletr\u00f4nica (NFS-e).\u00a0<\/span><\/p>\n<blockquote>\n<p class=\"p1\"><span class=\"s1\">\u201cCom essas medidas, os contribuintes ter\u00e3o o prazo de que precisam para se adequarem \u00e0 nova sistem\u00e1tica e cumprirem suas obriga\u00e7\u00f5es tribut\u00e1rias sem sofrer qualquer tipo de penaliza\u00e7\u00e3o por descumprimento de prazos\u201d, destacou o secret\u00e1rio de Fazenda, Itamar Feitosa.<\/span><\/p>\n<\/blockquote>\n<p class=\"p1\"><span class=\"s1\"><b>Decreto <\/b><\/span><\/p>\n<p class=\"p1\"><span class=\"s1\">Ainda nesta semana, ser\u00e1 publicado decreto, no <em>Di\u00e1rio Oficial do DF<\/em>, detalhando e confirmando as medidas da Sefaz. Ele vem em resposta a muitas reclama\u00e7\u00f5es de pessoas e contadores que n\u00e3o conseguiam emitir a nota do ISS com as mudan\u00e7as no sistema do GDF.<\/span><\/p>\n<p class=\"p1\"><span class=\"s1\"> A nova\u00a0<\/span>plataforma digital foi instalada em 1\u00ba de janeiro. A secretaria garante agora que, passada essa fase inicial de adapta\u00e7\u00e3o, n\u00e3o devem ocorrer mais dificuldades.<\/p>\n","protected":false},"excerpt":{"rendered":"<p>Notas fiscais emitidas no sistema antigo tamb\u00e9m ser\u00e3o validadas pela subsecretaria de Receita\u00a0 Por Samanta Sallum\u00a0 Em raz\u00e3o das dificuldades t\u00e9cnicas e operacionais que os contribuintes do DF v\u00eam enfrentando para se adequarem \u00e0 utiliza\u00e7\u00e3o do novo Sistema de Arrecada\u00e7\u00e3o de Imposto sobre Servi\u00e7os (ISS), a Secretaria de Fazenda, procurada pela coluna, informou algumas medidas e tamb\u00e9m fez esclarecimentos. Milhares [&hellip;]<\/p>\n","protected":false},"author":125,"featured_media":0,"comment_status":"open","ping_status":"open","sticky":false,"template":"","format":"standard","meta":{"footnotes":""},"categories":[6],"tags":[700,1151,1857,1856],"class_list":["post-11878","post","type-post","status-publish","format-standard","hentry","category-coluna-capital-s-a","tag-iss","tag-notasfiscais","tag-plataforma","tag-secretariadefazenda"],"_links":{"self":[{"href":"https:\/\/blogs.correiobraziliense.com.br\/capital-sa\/wp-json\/wp\/v2\/posts\/11878","targetHints":{"allow":["GET"]}}],"collection":[{"href":"https:\/\/blogs.correiobraziliense.com.br\/capital-sa\/wp-json\/wp\/v2\/posts"}],"about":[{"href":"https:\/\/blogs.correiobraziliense.com.br\/capital-sa\/wp-json\/wp\/v2\/types\/post"}],"author":[{"embeddable":true,"href":"https:\/\/blogs.correiobraziliense.com.br\/capital-sa\/wp-json\/wp\/v2\/users\/125"}],"replies":[{"embeddable":true,"href":"https:\/\/blogs.correiobraziliense.com.br\/capital-sa\/wp-json\/wp\/v2\/comments?post=11878"}],"version-history":[{"count":7,"href":"https:\/\/blogs.correiobraziliense.com.br\/capital-sa\/wp-json\/wp\/v2\/posts\/11878\/revisions"}],"predecessor-version":[{"id":11925,"href":"https:\/\/blogs.correiobraziliense.com.br\/capital-sa\/wp-json\/wp\/v2\/posts\/11878\/revisions\/11925"}],"wp:attachment":[{"href":"https:\/\/blogs.correiobraziliense.com.br\/capital-sa\/wp-json\/wp\/v2\/media?parent=11878"}],"wp:term":[{"taxonomy":"category","embeddable":true,"href":"https:\/\/blogs.correiobraziliense.com.br\/capital-sa\/wp-json\/wp\/v2\/categories?post=11878"},{"taxonomy":"post_tag","embeddable":true,"href":"https:\/\/blogs.correiobraziliense.com.br\/capital-sa\/wp-json\/wp\/v2\/tags?post=11878"}],"curies":[{"name":"wp","href":"https:\/\/api.w.org\/{rel}","templated":true}]}}