{"id":1187,"date":"2021-01-04T08:10:47","date_gmt":"2021-01-04T11:10:47","guid":{"rendered":"https:\/\/blogs.correiobraziliense.com.br\/capital-sa\/?p=1187"},"modified":"2021-01-03T19:43:04","modified_gmt":"2021-01-03T22:43:04","slug":"empresarios-elogiam-posse-de-prudente","status":"publish","type":"post","link":"https:\/\/blogs.correiobraziliense.com.br\/capital-sa\/2021\/01\/04\/empresarios-elogiam-posse-de-prudente\/","title":{"rendered":"Empres\u00e1rios elogiam posse de Prudente"},"content":{"rendered":"<p>Importantes lideran\u00e7as empresariais parabenizaram Rafael Prudente pela recondu\u00e7\u00e3o \u00e0 presid\u00eancia da C\u00e2mara Legislativa, em 1\u00ba de janeiro. Para o presidente da Fibra, Jamal Jorge Bittar, a reelei\u00e7\u00e3o da Mesa Diretora reflete a boa gest\u00e3o na C\u00e2mara. &#8220;Prudente dirigiu a Casa nos \u00faltimos dois anos com grande habilidade. Soube organizar as prioridades de diversos setores da sociedade e foi fundamental para que v\u00e1rios projetos importantes se tornassem lei, como ocorreu com a aprova\u00e7\u00e3o do Refis&#8221;, afirmou.<\/p>\n<h3><\/h3>\n<h3>Sem atritos<\/h3>\n<p>&#8220;Ele tem feito uma boa gest\u00e3o, sem muitos atritos com o governo e atendendo \u00e0s demandas do setor produtivo. No caso do Refis, foi um dos que mais ajudou. Creio que foi merecido. Ele tem senso pr\u00e1tico e \u00e9 um pol\u00edtico de cabe\u00e7a arejada&#8221;, destacou o presidente da Fecom\u00e9rcio-DF, Francisco Maia.<\/p>\n<p>&nbsp;<\/p>\n<h3>Contra reelei\u00e7\u00f5es<\/h3>\n<p>O presidente do Lide DF, empres\u00e1rio Paulo Oct\u00e1vio, apesar de ser contra reelei\u00e7\u00f5es, elogiou a habilidade de Prudente em construir o consenso para a recondu\u00e7\u00e3o ao cargo. &#8220;Nunca tinha visto isso antes no DF. Ele conseguiu reunir a apoio amplo e necess\u00e1rio. Mostrou ter grande articula\u00e7\u00e3o. Mas eu tenho uma posi\u00e7\u00e3o politica contr\u00e1ria \u00e0 reelei\u00e7\u00e3o. Nesses casos e no Poder Executivo . Como deputado federal, em 1998, apresentei projeto que vedava a reelei\u00e7\u00e3o e aumentava o mandato por cinco anos dos gestores p\u00fablicos. Esse para mim \u00e9 o melhor caminho da democracia.&#8221;<\/p>\n","protected":false},"excerpt":{"rendered":"<p>Importantes lideran\u00e7as empresariais parabenizaram Rafael Prudente pela recondu\u00e7\u00e3o \u00e0 presid\u00eancia da C\u00e2mara Legislativa, em 1\u00ba de janeiro. Para o presidente da Fibra, Jamal Jorge Bittar, a reelei\u00e7\u00e3o da Mesa Diretora reflete a boa gest\u00e3o na C\u00e2mara. &#8220;Prudente dirigiu a Casa nos \u00faltimos dois anos com grande habilidade. Soube organizar as prioridades de diversos setores da sociedade e foi fundamental para [&hellip;]<\/p>\n","protected":false},"author":125,"featured_media":1188,"comment_status":"open","ping_status":"open","sticky":false,"template":"","format":"standard","meta":{"footnotes":""},"categories":[6],"tags":[383,159,112,382,384],"class_list":["post-1187","post","type-post","status-publish","format-standard","has-post-thumbnail","hentry","category-coluna-capital-s-a","tag-camaralegislativa","tag-fecomerciodf","tag-paulooctavio","tag-rafaelprudente","tag-reeleicao"],"_links":{"self":[{"href":"https:\/\/blogs.correiobraziliense.com.br\/capital-sa\/wp-json\/wp\/v2\/posts\/1187","targetHints":{"allow":["GET"]}}],"collection":[{"href":"https:\/\/blogs.correiobraziliense.com.br\/capital-sa\/wp-json\/wp\/v2\/posts"}],"about":[{"href":"https:\/\/blogs.correiobraziliense.com.br\/capital-sa\/wp-json\/wp\/v2\/types\/post"}],"author":[{"embeddable":true,"href":"https:\/\/blogs.correiobraziliense.com.br\/capital-sa\/wp-json\/wp\/v2\/users\/125"}],"replies":[{"embeddable":true,"href":"https:\/\/blogs.correiobraziliense.com.br\/capital-sa\/wp-json\/wp\/v2\/comments?post=1187"}],"version-history":[{"count":2,"href":"https:\/\/blogs.correiobraziliense.com.br\/capital-sa\/wp-json\/wp\/v2\/posts\/1187\/revisions"}],"predecessor-version":[{"id":1190,"href":"https:\/\/blogs.correiobraziliense.com.br\/capital-sa\/wp-json\/wp\/v2\/posts\/1187\/revisions\/1190"}],"wp:featuredmedia":[{"embeddable":true,"href":"https:\/\/blogs.correiobraziliense.com.br\/capital-sa\/wp-json\/wp\/v2\/media\/1188"}],"wp:attachment":[{"href":"https:\/\/blogs.correiobraziliense.com.br\/capital-sa\/wp-json\/wp\/v2\/media?parent=1187"}],"wp:term":[{"taxonomy":"category","embeddable":true,"href":"https:\/\/blogs.correiobraziliense.com.br\/capital-sa\/wp-json\/wp\/v2\/categories?post=1187"},{"taxonomy":"post_tag","embeddable":true,"href":"https:\/\/blogs.correiobraziliense.com.br\/capital-sa\/wp-json\/wp\/v2\/tags?post=1187"}],"curies":[{"name":"wp","href":"https:\/\/api.w.org\/{rel}","templated":true}]}}