{"id":11851,"date":"2023-02-17T16:37:56","date_gmt":"2023-02-17T19:37:56","guid":{"rendered":"https:\/\/blogs.correiobraziliense.com.br\/capital-sa\/?p=11851"},"modified":"2023-02-18T15:38:00","modified_gmt":"2023-02-18T18:38:00","slug":"reforma-tributaria-cnc-aponta-aumento-de-ate-188-em-impostos-sobre-servicos","status":"publish","type":"post","link":"https:\/\/blogs.correiobraziliense.com.br\/capital-sa\/2023\/02\/17\/reforma-tributaria-cnc-aponta-aumento-de-ate-188-em-impostos-sobre-servicos\/","title":{"rendered":"Reforma Tribut\u00e1ria: CNC aponta aumento de at\u00e9 188% em impostos sobre servi\u00e7os"},"content":{"rendered":"<p class=\"p1\"><b>Por Samanta Sallum\u00a0<\/b><\/p>\n<p class=\"p1\"><span class=\"s1\">As maiores onera\u00e7\u00f5es podem ser sobre aluguel de im\u00f3veis, loca\u00e7\u00e3o de m\u00e3o de obra e vigil\u00e2ncia. A Confedera\u00e7\u00e3o Nacional do Com\u00e9rcio, Bens e Servi\u00e7os (CNC) demonstra grande preocupa\u00e7\u00e3o com as propostas, em tramita\u00e7\u00e3o no Congresso Nacional, para a Reforma Tribut\u00e1ria. As que sugerem al\u00edquotas de impostos unificados que variam de 12% a 25% em substitui\u00e7\u00e3o \u00e0quelas em vigor atualmente.<br \/>\n<\/span><\/p>\n<p class=\"p1\"><span class=\"s1\">Um estudo da entidade sobre 30 segmentos do setor de servi\u00e7os aponta que o aumento m\u00e9dio da carga tribut\u00e1ria chegaria a 84% e, em alguns casos, ultrapassaria 188%. <\/span><\/p>\n<p class=\"p1\"><span class=\"s1\">O mais impactado ser\u00e1 o subsetor de sele\u00e7\u00e3o, agenciamento e loca\u00e7\u00e3o de m\u00e3o de obra. O segundo, que \u00e9 o de servi\u00e7os para edif\u00edcios e atividades paisag\u00edsticas, respons\u00e1vel, por exemplo, pela terceiriza\u00e7\u00e3o de trabalhadores de limpeza: seria um aumento de 172,8% para a atividade.<\/span><\/p>\n<p class=\"p1\"><span class=\"s1\">O servi\u00e7o de seguran\u00e7a, vigilantes e transporte de valores teria amplia\u00e7\u00e3o da carga tribut\u00e1ria de 163%; j\u00e1 a compra, venda e aluguel de im\u00f3veis pr\u00f3prios teria aumento de 143%.<\/span><\/p>\n<blockquote>\n<p class=\"p1\"><span class=\"s1\">\u201cA Reforma Tribut\u00e1ria \u00e9 extremamente importante e necess\u00e1ria para o crescimento do pa\u00eds. No entanto, n\u00e3o \u00e9 justo o aumento da carga tribut\u00e1ria sobre o setor de servi\u00e7os, que responde por 37% da for\u00e7a de trabalho no Brasil e gerou 55% dos empregos formais no pa\u00eds na retomada da economia depois da pandemia\u201d, afirma o presidente da CNC, Jos\u00e9 Roberto Tadros. <\/span><\/p>\n<\/blockquote>\n<p class=\"p1\"><span class=\"s1\"><b>Aluguel vai encarecer\u00a0<\/b><\/span><\/p>\n<p class=\"p1\"><span class=\"s1\">O aumento da carga sobre o segmento de servi\u00e7os de escrit\u00f3rio e apoio administrativo pode ser ampliado em 143,2%. Para a intermedia\u00e7\u00e3o na compra, venda e aluguel de im\u00f3veis, a onera\u00e7\u00e3o seria de 142,4%, e, para os servi\u00e7os t\u00e9cnico-profissionais, de 135,2%. <\/span><\/p>\n<p class=\"p1\"><span class=\"s1\"><b>Ensino <\/b><\/span><\/p>\n<p class=\"p1\"><span class=\"s1\">Outro ramo impactado seria o de atividades de ensino continuado, que engloba, por exemplo, p\u00f3s-gradua\u00e7\u00e3o e cursos de extens\u00e3o, com aumento da carga em 125,3%. <\/span><\/p>\n","protected":false},"excerpt":{"rendered":"<p>Por Samanta Sallum\u00a0 As maiores onera\u00e7\u00f5es podem ser sobre aluguel de im\u00f3veis, loca\u00e7\u00e3o de m\u00e3o de obra e vigil\u00e2ncia. A Confedera\u00e7\u00e3o Nacional do Com\u00e9rcio, Bens e Servi\u00e7os (CNC) demonstra grande preocupa\u00e7\u00e3o com as propostas, em tramita\u00e7\u00e3o no Congresso Nacional, para a Reforma Tribut\u00e1ria. As que sugerem al\u00edquotas de impostos unificados que variam de 12% a 25% em substitui\u00e7\u00e3o \u00e0quelas em [&hellip;]<\/p>\n","protected":false},"author":125,"featured_media":11856,"comment_status":"open","ping_status":"open","sticky":false,"template":"","format":"standard","meta":{"footnotes":""},"categories":[6],"tags":[1174,275,629,875],"class_list":["post-11851","post","type-post","status-publish","format-standard","has-post-thumbnail","hentry","category-coluna-capital-s-a","tag-aluguel","tag-cnc","tag-reformatributaria","tag-tributos"],"_links":{"self":[{"href":"https:\/\/blogs.correiobraziliense.com.br\/capital-sa\/wp-json\/wp\/v2\/posts\/11851","targetHints":{"allow":["GET"]}}],"collection":[{"href":"https:\/\/blogs.correiobraziliense.com.br\/capital-sa\/wp-json\/wp\/v2\/posts"}],"about":[{"href":"https:\/\/blogs.correiobraziliense.com.br\/capital-sa\/wp-json\/wp\/v2\/types\/post"}],"author":[{"embeddable":true,"href":"https:\/\/blogs.correiobraziliense.com.br\/capital-sa\/wp-json\/wp\/v2\/users\/125"}],"replies":[{"embeddable":true,"href":"https:\/\/blogs.correiobraziliense.com.br\/capital-sa\/wp-json\/wp\/v2\/comments?post=11851"}],"version-history":[{"count":6,"href":"https:\/\/blogs.correiobraziliense.com.br\/capital-sa\/wp-json\/wp\/v2\/posts\/11851\/revisions"}],"predecessor-version":[{"id":11859,"href":"https:\/\/blogs.correiobraziliense.com.br\/capital-sa\/wp-json\/wp\/v2\/posts\/11851\/revisions\/11859"}],"wp:featuredmedia":[{"embeddable":true,"href":"https:\/\/blogs.correiobraziliense.com.br\/capital-sa\/wp-json\/wp\/v2\/media\/11856"}],"wp:attachment":[{"href":"https:\/\/blogs.correiobraziliense.com.br\/capital-sa\/wp-json\/wp\/v2\/media?parent=11851"}],"wp:term":[{"taxonomy":"category","embeddable":true,"href":"https:\/\/blogs.correiobraziliense.com.br\/capital-sa\/wp-json\/wp\/v2\/categories?post=11851"},{"taxonomy":"post_tag","embeddable":true,"href":"https:\/\/blogs.correiobraziliense.com.br\/capital-sa\/wp-json\/wp\/v2\/tags?post=11851"}],"curies":[{"name":"wp","href":"https:\/\/api.w.org\/{rel}","templated":true}]}}