{"id":11791,"date":"2023-02-15T09:13:40","date_gmt":"2023-02-15T12:13:40","guid":{"rendered":"https:\/\/blogs.correiobraziliense.com.br\/capital-sa\/?p=11791"},"modified":"2023-02-16T17:46:25","modified_gmt":"2023-02-16T20:46:25","slug":"dupla-de-amigas-cria-fantasias-com-engajamento-feminino-e-ambiental","status":"publish","type":"post","link":"https:\/\/blogs.correiobraziliense.com.br\/capital-sa\/2023\/02\/15\/dupla-de-amigas-cria-fantasias-com-engajamento-feminino-e-ambiental\/","title":{"rendered":"Dupla de amigas cria fantasias com engajamento feminino e ambiental"},"content":{"rendered":"<p class=\"p1\"><b>Por Samanta Sallum\u00a0<\/b><\/p>\n<p class=\"p1\"><span class=\"s2\">O carnaval se tornou uma fonte de oportunidade para duas amigas bem criativas iniciarem um novo neg\u00f3cio. A comunic\u00f3loga Tayn\u00e1 Haudiquet, 37, e a designer de moda Giovana Dachi, 35, ambas brasilienses, transformaram a paix\u00e3o pela festividade em uma forma de ganhar dinheiro. Criaram a marca Parangol\u00e9s.<br \/>\n<\/span><\/p>\n<p class=\"p1\"><span class=\"s2\">Guiadas pela responsabilidade socioambiental, focam na reutiliza\u00e7\u00e3o de res\u00edduos t\u00eaxteis. Desde as primeiras pe\u00e7as, por exemplo, a Parangol\u00e9s n\u00e3o descarta tecidos, e todas as sobras s\u00e3o armazenadas para as pr\u00f3ximas cole\u00e7\u00f5es. <\/span><\/p>\n<p class=\"p1\"><span class=\"s3\">\u201cA gente acredita que roupa de carnaval n\u00e3o \u00e9 roupa descart\u00e1vel, carnaval \u00e9 todo dia do ano. E \u00e9 um estado de esp\u00edrito. Como diz nosso slogan: \u2018Requebrando com uma m\u00e3o no joelho e a outra na consci\u00eancia\u2019, esse \u00e9 o nosso prop\u00f3sito\u201d<\/span><span class=\"s2\">, conta Tayn\u00e1 Haudiquet.<\/span><\/p>\n<p class=\"p1\"><span class=\"s2\"><b>Inspiradas no Tropicalismo <\/b><\/span><\/p>\n<p class=\"p1\"><span class=\"s2\">\u00a0F<\/span>oi na folia de 2018, ap\u00f3s produziram fantasias bem diferentes do que costumavam ver nas lojas, que tudo come\u00e7ou. A produ\u00e7\u00e3o era composta por um mai\u00f4 de tule transparente, que tinha duas margaridas nos seios, e um bordado com fitas de lantejoulas nas costas escrito \u201cEu n\u00e3o sou obrigada\u201d \u2014 frase do movimento feminista que estava em destaque na ocasi\u00e3o.\u00a0Assim surgiu a Parangol\u00e9s, marca inspirada no Tropicalismo.<\/p>\n<p class=\"p1\"><span class=\"s2\">\u00a0<b>Slow fashion\u00a0<\/b><\/span><\/p>\n<p><img loading=\"lazy\" decoding=\"async\" class=\"aligncenter size-medium wp-image-11806\" src=\"https:\/\/blogs.correiobraziliense.com.br\/capital-sa\/wp-content\/uploads\/sites\/59\/2023\/02\/D722B089-F566-4D26-87F1-48F6B7FC5CD7-287x300.jpeg\" alt=\"\" width=\"287\" height=\"300\" srcset=\"https:\/\/blogs.correiobraziliense.com.br\/capital-sa\/wp-content\/uploads\/sites\/59\/2023\/02\/D722B089-F566-4D26-87F1-48F6B7FC5CD7-287x300.jpeg 287w, https:\/\/blogs.correiobraziliense.com.br\/capital-sa\/wp-content\/uploads\/sites\/59\/2023\/02\/D722B089-F566-4D26-87F1-48F6B7FC5CD7-550x576.jpeg 550w, https:\/\/blogs.correiobraziliense.com.br\/capital-sa\/wp-content\/uploads\/sites\/59\/2023\/02\/D722B089-F566-4D26-87F1-48F6B7FC5CD7-230x241.jpeg 230w, https:\/\/blogs.correiobraziliense.com.br\/capital-sa\/wp-content\/uploads\/sites\/59\/2023\/02\/D722B089-F566-4D26-87F1-48F6B7FC5CD7.jpeg 595w\" sizes=\"auto, (max-width: 287px) 100vw, 287px\" \/><\/p>\n<p class=\"p1\"><span class=\"s1\">A empres\u00e1ria explica que as roupas s\u00e3o feitas seguindo o princ\u00edpio do upcycling, ou seja, s\u00e3o pe\u00e7as \u00fanicas. <\/span><span class=\"s2\">\u201cO slow fashion tem essa l\u00f3gica reversa da ind\u00fastria, de fazer devagar, de fazer lento. O nosso sistema de produ\u00e7\u00e3o respeita cada etapa da constru\u00e7\u00e3o de um item, indo desde o design, passando pelos testes, at\u00e9 montagem e a finaliza\u00e7\u00e3o\u201d<\/span><span class=\"s1\">, esclarece.<\/span><\/p>\n<p><b>Superar a pandemia<\/b><\/p>\n<p class=\"p1\"><span class=\"s2\">A dupla de amigas teve de repensar a empresa com a pandemia. E procuraram ajuda do Sebrae\/DF.<\/span><span class=\"s3\"> \u201cA parceria foi uma experi\u00eancia \u00edmpar de conhecimento de estrat\u00e9gia de neg\u00f3cio<\/span><span class=\"s2\">\u201d, conta Tayn\u00e1.<\/span><\/p>\n<p class=\"p1\">Para 2023, a marca lan\u00e7ou a cole\u00e7\u00e3o Utopia, inspirada na felicidade e na harmonia entre as pessoas, uma descri\u00e7\u00e3o criativa de uma sociedade ideal. Confira os looks no insta @useparangoles.<\/p>\n<p><img loading=\"lazy\" decoding=\"async\" class=\"aligncenter size-medium wp-image-11807\" src=\"https:\/\/blogs.correiobraziliense.com.br\/capital-sa\/wp-content\/uploads\/sites\/59\/2023\/02\/4BF5FC9E-9027-436F-A08F-4B1DB3645B0F-222x300.jpeg\" alt=\"\" width=\"222\" height=\"300\" srcset=\"https:\/\/blogs.correiobraziliense.com.br\/capital-sa\/wp-content\/uploads\/sites\/59\/2023\/02\/4BF5FC9E-9027-436F-A08F-4B1DB3645B0F-222x300.jpeg 222w, https:\/\/blogs.correiobraziliense.com.br\/capital-sa\/wp-content\/uploads\/sites\/59\/2023\/02\/4BF5FC9E-9027-436F-A08F-4B1DB3645B0F-550x742.jpeg 550w, https:\/\/blogs.correiobraziliense.com.br\/capital-sa\/wp-content\/uploads\/sites\/59\/2023\/02\/4BF5FC9E-9027-436F-A08F-4B1DB3645B0F-230x310.jpeg 230w, https:\/\/blogs.correiobraziliense.com.br\/capital-sa\/wp-content\/uploads\/sites\/59\/2023\/02\/4BF5FC9E-9027-436F-A08F-4B1DB3645B0F.jpeg 570w\" sizes=\"auto, (max-width: 222px) 100vw, 222px\" \/><\/p>\n<p>&nbsp;<\/p>\n","protected":false},"excerpt":{"rendered":"<p>Por Samanta Sallum\u00a0 O carnaval se tornou uma fonte de oportunidade para duas amigas bem criativas iniciarem um novo neg\u00f3cio. A comunic\u00f3loga Tayn\u00e1 Haudiquet, 37, e a designer de moda Giovana Dachi, 35, ambas brasilienses, transformaram a paix\u00e3o pela festividade em uma forma de ganhar dinheiro. Criaram a marca Parangol\u00e9s. Guiadas pela responsabilidade socioambiental, focam na reutiliza\u00e7\u00e3o de res\u00edduos t\u00eaxteis. [&hellip;]<\/p>\n","protected":false},"author":125,"featured_media":11810,"comment_status":"open","ping_status":"open","sticky":false,"template":"","format":"standard","meta":{"footnotes":""},"categories":[6],"tags":[1848,876,878,1091,1847],"class_list":["post-11791","post","type-post","status-publish","format-standard","has-post-thumbnail","hentry","category-coluna-capital-s-a","tag-amigas","tag-carnaval","tag-fantasia","tag-marca","tag-parangoles"],"_links":{"self":[{"href":"https:\/\/blogs.correiobraziliense.com.br\/capital-sa\/wp-json\/wp\/v2\/posts\/11791","targetHints":{"allow":["GET"]}}],"collection":[{"href":"https:\/\/blogs.correiobraziliense.com.br\/capital-sa\/wp-json\/wp\/v2\/posts"}],"about":[{"href":"https:\/\/blogs.correiobraziliense.com.br\/capital-sa\/wp-json\/wp\/v2\/types\/post"}],"author":[{"embeddable":true,"href":"https:\/\/blogs.correiobraziliense.com.br\/capital-sa\/wp-json\/wp\/v2\/users\/125"}],"replies":[{"embeddable":true,"href":"https:\/\/blogs.correiobraziliense.com.br\/capital-sa\/wp-json\/wp\/v2\/comments?post=11791"}],"version-history":[{"count":14,"href":"https:\/\/blogs.correiobraziliense.com.br\/capital-sa\/wp-json\/wp\/v2\/posts\/11791\/revisions"}],"predecessor-version":[{"id":11832,"href":"https:\/\/blogs.correiobraziliense.com.br\/capital-sa\/wp-json\/wp\/v2\/posts\/11791\/revisions\/11832"}],"wp:featuredmedia":[{"embeddable":true,"href":"https:\/\/blogs.correiobraziliense.com.br\/capital-sa\/wp-json\/wp\/v2\/media\/11810"}],"wp:attachment":[{"href":"https:\/\/blogs.correiobraziliense.com.br\/capital-sa\/wp-json\/wp\/v2\/media?parent=11791"}],"wp:term":[{"taxonomy":"category","embeddable":true,"href":"https:\/\/blogs.correiobraziliense.com.br\/capital-sa\/wp-json\/wp\/v2\/categories?post=11791"},{"taxonomy":"post_tag","embeddable":true,"href":"https:\/\/blogs.correiobraziliense.com.br\/capital-sa\/wp-json\/wp\/v2\/tags?post=11791"}],"curies":[{"name":"wp","href":"https:\/\/api.w.org\/{rel}","templated":true}]}}