{"id":11774,"date":"2023-02-14T14:43:05","date_gmt":"2023-02-14T17:43:05","guid":{"rendered":"https:\/\/blogs.correiobraziliense.com.br\/capital-sa\/?p=11774"},"modified":"2023-05-01T21:15:38","modified_gmt":"2023-05-02T00:15:38","slug":"brasilia-cidade-turistica-e-cinematografica","status":"publish","type":"post","link":"https:\/\/blogs.correiobraziliense.com.br\/capital-sa\/2023\/02\/14\/brasilia-cidade-turistica-e-cinematografica\/","title":{"rendered":"Bras\u00edlia: cidade tur\u00edstica e cinematogr\u00e1fica"},"content":{"rendered":"<p class=\"p1\"><b>Por Samanta Sallum\u00a0<\/b><\/p>\n<p class=\"p1\"><span class=\"s1\">O Cine Bras\u00edlia vai ser palco do lan\u00e7amento da miniss\u00e9rie \u201cBras\u00edlia: cidade tur\u00edstica e cinematogr\u00e1fica\u201d, idealizada por Atanagildo Brandolt, presidente do Instituto Latinoamerica, e dirigida pelo produtor cultural Fernando Toledo.<br \/>\n<\/span><\/p>\n<p><img loading=\"lazy\" decoding=\"async\" class=\"aligncenter size-medium wp-image-11787\" src=\"https:\/\/blogs.correiobraziliense.com.br\/capital-sa\/wp-content\/uploads\/sites\/59\/2023\/02\/4FC937BB-2DC7-4574-9D19-143F8EA3CBCE-300x232.jpeg\" alt=\"\" width=\"300\" height=\"232\" srcset=\"https:\/\/blogs.correiobraziliense.com.br\/capital-sa\/wp-content\/uploads\/sites\/59\/2023\/02\/4FC937BB-2DC7-4574-9D19-143F8EA3CBCE-300x232.jpeg 300w, https:\/\/blogs.correiobraziliense.com.br\/capital-sa\/wp-content\/uploads\/sites\/59\/2023\/02\/4FC937BB-2DC7-4574-9D19-143F8EA3CBCE-230x178.jpeg 230w, https:\/\/blogs.correiobraziliense.com.br\/capital-sa\/wp-content\/uploads\/sites\/59\/2023\/02\/4FC937BB-2DC7-4574-9D19-143F8EA3CBCE.jpeg 470w\" sizes=\"auto, (max-width: 300px) 100vw, 300px\" \/><\/p>\n<p class=\"p1\"><span class=\"s1\">O projeto quer despertar mais interesse pela capital federal como cidade tur\u00edstica e ressaltar seu potencial para a produ\u00e7\u00e3o de filmes. A estreia do primeiro epis\u00f3dio ser\u00e1 em 27 de fevereiro, \u00e0s 18h, e aberta ao p\u00fablico.<\/span><\/p>\n<p class=\"p1\"><span class=\"s1\">\u201cApresentar Bras\u00edlia como cen\u00e1rio cinematogr\u00e1fico \u00e9 uma ideia in\u00e9dita e ainda pouco explorada. Queremos destacar toda a sua potencialidade e mostr\u00e1-la como uma cidade moderna e futurista, atrav\u00e9s de \u00e2ngulos \u00fanicos de uma arquitetura tamb\u00e9m singular, que \u00e9 rodeada por uma natureza exuberante\u201d, explica Atanagildo Brandolt, presidente do Instituto Latinoamerica, idealizador e realizador do projeto.<\/span><\/p>\n<p><img loading=\"lazy\" decoding=\"async\" class=\"aligncenter size-medium wp-image-11784\" src=\"https:\/\/blogs.correiobraziliense.com.br\/capital-sa\/wp-content\/uploads\/sites\/59\/2023\/02\/ABCA70E7-5C47-4903-8FDB-B7A7D3D7825D-287x300.jpeg\" alt=\"\" width=\"287\" height=\"300\" srcset=\"https:\/\/blogs.correiobraziliense.com.br\/capital-sa\/wp-content\/uploads\/sites\/59\/2023\/02\/ABCA70E7-5C47-4903-8FDB-B7A7D3D7825D-287x300.jpeg 287w, https:\/\/blogs.correiobraziliense.com.br\/capital-sa\/wp-content\/uploads\/sites\/59\/2023\/02\/ABCA70E7-5C47-4903-8FDB-B7A7D3D7825D-550x574.jpeg 550w, https:\/\/blogs.correiobraziliense.com.br\/capital-sa\/wp-content\/uploads\/sites\/59\/2023\/02\/ABCA70E7-5C47-4903-8FDB-B7A7D3D7825D-230x240.jpeg 230w, https:\/\/blogs.correiobraziliense.com.br\/capital-sa\/wp-content\/uploads\/sites\/59\/2023\/02\/ABCA70E7-5C47-4903-8FDB-B7A7D3D7825D.jpeg 640w\" sizes=\"auto, (max-width: 287px) 100vw, 287px\" \/><\/p>\n<p class=\"p1\"><strong><span class=\"s1\">Os protagonistas<\/span><\/strong><\/p>\n<p class=\"p1\"><span class=\"s1\">Ser\u00e3o cinco epis\u00f3dios com temas ligados ao cinema e entrevistas com diversos profissionais do cen\u00e1rio audiovisual brasiliense, como Vladimir Carvalho, Andr\u00e9 Lavenere, Peterson Paim, Iber\u00ea, Ricardo Movitis, Cibele Amaral, Ma\u00edra Carvalho, Renato Barbieri, entre outros.<br \/>\n<\/span><\/p>\n<p class=\"p1\"><span class=\"s1\">Os epis\u00f3dios ser\u00e3o exibidos no canal do YouTube do Instituto Latinoamerica. O projeto recebeu apoio da Secretaria de Turismo.<\/span><\/p>\n<p class=\"p2\"><span class=\"s1\"><span class=\"Apple-converted-space\">\u00a0<\/span>\u201cNesta minha estreia na dire\u00e7\u00e3o de document\u00e1rio, foi desafiador entrevistar e colocar profissionais do cen\u00e1rio audiovisual de Bras\u00edlia e do Entorno em frente \u00e0s c\u00e2meras, para falar como eles fazem quando est\u00e3o por tr\u00e1s das lentes\u201d, explica Fernando \u00a0Toledo, que tamb\u00e9m assina a produ\u00e7\u00e3o de loca\u00e7\u00e3o.<\/span><\/p>\n<p class=\"p1\"><span class=\"s1\"><b>Lan\u00e7amento<\/b> &#8211; <\/span><span class=\"s2\">A programa\u00e7\u00e3o tem in\u00edcio \u00e0s 18h, no Cine Bras\u00edlia, com uma mostra de filmes que trazem a Capital Federal como cen\u00e1rio. \u00c0s 20h, ocorre a cerim\u00f4nia de lan\u00e7amento da miniss\u00e9rie \u201cBras\u00edlia: cidade tur\u00edstica e cinematogr\u00e1fica\u201d. Dia 27 de fevereiro. Anota a\u00ed!\u00a0<\/span><\/p>\n<p>&nbsp;<\/p>\n","protected":false},"excerpt":{"rendered":"<p>Por Samanta Sallum\u00a0 O Cine Bras\u00edlia vai ser palco do lan\u00e7amento da miniss\u00e9rie \u201cBras\u00edlia: cidade tur\u00edstica e cinematogr\u00e1fica\u201d, idealizada por Atanagildo Brandolt, presidente do Instituto Latinoamerica, e dirigida pelo produtor cultural Fernando Toledo. O projeto quer despertar mais interesse pela capital federal como cidade tur\u00edstica e ressaltar seu potencial para a produ\u00e7\u00e3o de filmes. A estreia do primeiro epis\u00f3dio ser\u00e1 [&hellip;]<\/p>\n","protected":false},"author":125,"featured_media":11783,"comment_status":"open","ping_status":"open","sticky":false,"template":"","format":"standard","meta":{"footnotes":""},"categories":[6],"tags":[1844,1036,1843],"class_list":["post-11774","post","type-post","status-publish","format-standard","has-post-thumbnail","hentry","category-coluna-capital-s-a","tag-atanagildobrandolt","tag-cinebrasilia","tag-minisserie"],"_links":{"self":[{"href":"https:\/\/blogs.correiobraziliense.com.br\/capital-sa\/wp-json\/wp\/v2\/posts\/11774","targetHints":{"allow":["GET"]}}],"collection":[{"href":"https:\/\/blogs.correiobraziliense.com.br\/capital-sa\/wp-json\/wp\/v2\/posts"}],"about":[{"href":"https:\/\/blogs.correiobraziliense.com.br\/capital-sa\/wp-json\/wp\/v2\/types\/post"}],"author":[{"embeddable":true,"href":"https:\/\/blogs.correiobraziliense.com.br\/capital-sa\/wp-json\/wp\/v2\/users\/125"}],"replies":[{"embeddable":true,"href":"https:\/\/blogs.correiobraziliense.com.br\/capital-sa\/wp-json\/wp\/v2\/comments?post=11774"}],"version-history":[{"count":11,"href":"https:\/\/blogs.correiobraziliense.com.br\/capital-sa\/wp-json\/wp\/v2\/posts\/11774\/revisions"}],"predecessor-version":[{"id":12698,"href":"https:\/\/blogs.correiobraziliense.com.br\/capital-sa\/wp-json\/wp\/v2\/posts\/11774\/revisions\/12698"}],"wp:featuredmedia":[{"embeddable":true,"href":"https:\/\/blogs.correiobraziliense.com.br\/capital-sa\/wp-json\/wp\/v2\/media\/11783"}],"wp:attachment":[{"href":"https:\/\/blogs.correiobraziliense.com.br\/capital-sa\/wp-json\/wp\/v2\/media?parent=11774"}],"wp:term":[{"taxonomy":"category","embeddable":true,"href":"https:\/\/blogs.correiobraziliense.com.br\/capital-sa\/wp-json\/wp\/v2\/categories?post=11774"},{"taxonomy":"post_tag","embeddable":true,"href":"https:\/\/blogs.correiobraziliense.com.br\/capital-sa\/wp-json\/wp\/v2\/tags?post=11774"}],"curies":[{"name":"wp","href":"https:\/\/api.w.org\/{rel}","templated":true}]}}