{"id":11758,"date":"2023-02-14T00:22:49","date_gmt":"2023-02-14T03:22:49","guid":{"rendered":"https:\/\/blogs.correiobraziliense.com.br\/capital-sa\/?p=11758"},"modified":"2023-02-14T14:11:31","modified_gmt":"2023-02-14T17:11:31","slug":"premiacao-define-melhor-provedor-de-internet-do-df","status":"publish","type":"post","link":"https:\/\/blogs.correiobraziliense.com.br\/capital-sa\/2023\/02\/14\/premiacao-define-melhor-provedor-de-internet-do-df\/","title":{"rendered":"Premia\u00e7\u00e3o define melhor provedor de internet do DF"},"content":{"rendered":"<p class=\"p1\"><b>Por Samanta Sallum\u00a0<\/b><\/p>\n<p class=\"p1\"><span class=\"s2\">A Oi Fibra recebeu o pr\u00eamio Melhor Plano 2023, na categoria \u201cMelhor Provedor\u201d de internet em banda larga no Distrito Federal pela MelhorPlano.net, uma plataforma independente especializada na avalia\u00e7\u00e3o de servi\u00e7os de telefonia e financeiros, que re\u00fane e compara as informa\u00e7\u00f5es dispon\u00edveis no mercado.<\/span><\/p>\n<p class=\"p1\"><span class=\"s2\"><b>Velocidade e satisfa\u00e7\u00e3o <\/b><\/span><\/p>\n<p class=\"p1\"><span class=\"s2\">Avaliada pela boa performance nos crit\u00e9rios de velocidade e satisfa\u00e7\u00e3o do cliente, a internet por fibra \u00f3tica da Oi tamb\u00e9m ganhou o primeiro lugar nos estados do Cear\u00e1, Mato Grosso do Sul, Paran\u00e1, Rond\u00f4nia, Roraima e Rio Grande do Sul.<\/span><\/p>\n<p><img loading=\"lazy\" decoding=\"async\" class=\"aligncenter size-medium wp-image-11762\" src=\"https:\/\/blogs.correiobraziliense.com.br\/capital-sa\/wp-content\/uploads\/sites\/59\/2023\/02\/92334CE1-6133-43D9-AD44-AAE49993E85D-297x300.jpeg\" alt=\"\" width=\"297\" height=\"300\" srcset=\"https:\/\/blogs.correiobraziliense.com.br\/capital-sa\/wp-content\/uploads\/sites\/59\/2023\/02\/92334CE1-6133-43D9-AD44-AAE49993E85D-297x300.jpeg 297w, https:\/\/blogs.correiobraziliense.com.br\/capital-sa\/wp-content\/uploads\/sites\/59\/2023\/02\/92334CE1-6133-43D9-AD44-AAE49993E85D-768x777.jpeg 768w, https:\/\/blogs.correiobraziliense.com.br\/capital-sa\/wp-content\/uploads\/sites\/59\/2023\/02\/92334CE1-6133-43D9-AD44-AAE49993E85D-1013x1024.jpeg 1013w, https:\/\/blogs.correiobraziliense.com.br\/capital-sa\/wp-content\/uploads\/sites\/59\/2023\/02\/92334CE1-6133-43D9-AD44-AAE49993E85D-800x809.jpeg 800w, https:\/\/blogs.correiobraziliense.com.br\/capital-sa\/wp-content\/uploads\/sites\/59\/2023\/02\/92334CE1-6133-43D9-AD44-AAE49993E85D-550x556.jpeg 550w, https:\/\/blogs.correiobraziliense.com.br\/capital-sa\/wp-content\/uploads\/sites\/59\/2023\/02\/92334CE1-6133-43D9-AD44-AAE49993E85D-230x233.jpeg 230w, https:\/\/blogs.correiobraziliense.com.br\/capital-sa\/wp-content\/uploads\/sites\/59\/2023\/02\/92334CE1-6133-43D9-AD44-AAE49993E85D.jpeg 1067w\" sizes=\"auto, (max-width: 297px) 100vw, 297px\" \/><\/p>\n<p class=\"p1\"><span class=\"s2\">\u201cO pr\u00eamio \u00e9 resultado da estrat\u00e9gia da empresa de estar focada em oferecer a melhor conex\u00e3o \u00e0 internet em fibra \u00f3tica, com servi\u00e7os que atendam \u00e0s necessidades espec\u00edficas dos clientes\u201d, avaliou o vice-presidente de Consumidor e Empresarial da Oi, Rogerio Takayanagi (foto).<\/span><\/p>\n<p class=\"p1\">Ele afirmou ainda que a companhia vem trabalhando para alcan\u00e7ar a lideran\u00e7a no mercado, oferecendo\u00a0servi\u00e7os digitais nos setores de educa\u00e7\u00e3o, financeiro e medicina.<\/p>\n","protected":false},"excerpt":{"rendered":"<p>Por Samanta Sallum\u00a0 A Oi Fibra recebeu o pr\u00eamio Melhor Plano 2023, na categoria \u201cMelhor Provedor\u201d de internet em banda larga no Distrito Federal pela MelhorPlano.net, uma plataforma independente especializada na avalia\u00e7\u00e3o de servi\u00e7os de telefonia e financeiros, que re\u00fane e compara as informa\u00e7\u00f5es dispon\u00edveis no mercado. Velocidade e satisfa\u00e7\u00e3o Avaliada pela boa performance nos crit\u00e9rios de velocidade e satisfa\u00e7\u00e3o [&hellip;]<\/p>\n","protected":false},"author":125,"featured_media":11761,"comment_status":"open","ping_status":"open","sticky":false,"template":"","format":"standard","meta":{"footnotes":""},"categories":[6],"tags":[1842,1841,1839,1840,331],"class_list":["post-11758","post","type-post","status-publish","format-standard","has-post-thumbnail","hentry","category-coluna-capital-s-a","tag-bandalarga","tag-internet","tag-oi","tag-oifibra","tag-premio"],"_links":{"self":[{"href":"https:\/\/blogs.correiobraziliense.com.br\/capital-sa\/wp-json\/wp\/v2\/posts\/11758","targetHints":{"allow":["GET"]}}],"collection":[{"href":"https:\/\/blogs.correiobraziliense.com.br\/capital-sa\/wp-json\/wp\/v2\/posts"}],"about":[{"href":"https:\/\/blogs.correiobraziliense.com.br\/capital-sa\/wp-json\/wp\/v2\/types\/post"}],"author":[{"embeddable":true,"href":"https:\/\/blogs.correiobraziliense.com.br\/capital-sa\/wp-json\/wp\/v2\/users\/125"}],"replies":[{"embeddable":true,"href":"https:\/\/blogs.correiobraziliense.com.br\/capital-sa\/wp-json\/wp\/v2\/comments?post=11758"}],"version-history":[{"count":4,"href":"https:\/\/blogs.correiobraziliense.com.br\/capital-sa\/wp-json\/wp\/v2\/posts\/11758\/revisions"}],"predecessor-version":[{"id":11773,"href":"https:\/\/blogs.correiobraziliense.com.br\/capital-sa\/wp-json\/wp\/v2\/posts\/11758\/revisions\/11773"}],"wp:featuredmedia":[{"embeddable":true,"href":"https:\/\/blogs.correiobraziliense.com.br\/capital-sa\/wp-json\/wp\/v2\/media\/11761"}],"wp:attachment":[{"href":"https:\/\/blogs.correiobraziliense.com.br\/capital-sa\/wp-json\/wp\/v2\/media?parent=11758"}],"wp:term":[{"taxonomy":"category","embeddable":true,"href":"https:\/\/blogs.correiobraziliense.com.br\/capital-sa\/wp-json\/wp\/v2\/categories?post=11758"},{"taxonomy":"post_tag","embeddable":true,"href":"https:\/\/blogs.correiobraziliense.com.br\/capital-sa\/wp-json\/wp\/v2\/tags?post=11758"}],"curies":[{"name":"wp","href":"https:\/\/api.w.org\/{rel}","templated":true}]}}