{"id":1175,"date":"2021-01-04T08:15:31","date_gmt":"2021-01-04T11:15:31","guid":{"rendered":"https:\/\/blogs.correiobraziliense.com.br\/capital-sa\/?p=1175"},"modified":"2021-01-03T19:45:41","modified_gmt":"2021-01-03T22:45:41","slug":"dono-da-vulcao-da-borracha-assume-cdl","status":"publish","type":"post","link":"https:\/\/blogs.correiobraziliense.com.br\/capital-sa\/2021\/01\/04\/dono-da-vulcao-da-borracha-assume-cdl\/","title":{"rendered":"Dono da Vulc\u00e3o da Borracha assume CDL"},"content":{"rendered":"<p>O empres\u00e1rio Wagner Silveira J\u00fanior, 58 anos, assume hoje a presid\u00eancia da C\u00e2mara de Dirigentes Lojistas do Distrito Federal.\u00a0 Ele se define como um \u2018lojista raiz\u2019.\u00a0 Como pequeno empres\u00e1rio, quer dar aten\u00e7\u00e3o especial a essa fatia dos lojistas, que, segundo ele, sofre forte impacto da burocracia e de tributos.<\/p>\n<p>&#8220;\u00c9 o momento de enfrentar o novo, sabendo que a uni\u00e3o de todos os nossos esfor\u00e7os nos levar\u00e1 aos melhores resultados&#8221;, destaca Wagner.\u00a0 A CDL no DF tem 5 mil associados. O novo presidente pretende investir em eventos e consultorias nas \u00e1reas de tecnologia da informa\u00e7\u00e3o e marketing de vendas. &#8220;Tendo efici\u00eancia, reduz-se o custo e aumenta-se a produtividade&#8221;, destaca.<\/p>\n<h3><\/h3>\n<h3>Empresa da fam\u00edlia<\/h3>\n<p>Wagner est\u00e1 \u00e0 frente da Vulc\u00e3o da Borracha, que tem duas lojas (SIA e Taguatinga) desde 2003. A Vulc\u00e3o foi criada pelo pai. &#8220;\u00c9 uma empresa com quase 60 anos no com\u00e9rcio de Bras\u00edlia e que se mant\u00e9m viva e com hist\u00f3ria, passando por todas as mudan\u00e7as e atribula\u00e7\u00f5es desses tempos&#8221;, conta ele.<\/p>\n<h3><\/h3>\n<h3>Balan\u00e7o de gest\u00e3o<\/h3>\n<p>A gest\u00e3o que assume \u00e9 continuidade da anterior, liderada por Jos\u00e9 Carlos Magalh\u00e3es Pinto, nos \u00faltimos quatro anos. Wagner era vice-presidente da CDL. Magalh\u00e3es aponta as principais conquistas de seu mandato: consolida\u00e7\u00e3o da imagem da entidade, importante participa\u00e7\u00e3o no F\u00f3rum do Setor Produtivo como a articula\u00e7\u00e3o junto do GDF para o Refis, a extin\u00e7\u00e3o da Difal, medida que colaborou com as pequenas empresas e luta pela revitaliza\u00e7\u00e3o da W3.<\/p>\n<p>&nbsp;<\/p>\n<h3>Posse sem evento<\/h3>\n<p><img loading=\"lazy\" decoding=\"async\" class=\"aligncenter size-medium wp-image-1176\" src=\"https:\/\/blogs.correiobraziliense.com.br\/capital-sa\/wp-content\/uploads\/sites\/59\/2021\/01\/ma-300x289.jpg\" alt=\"\" width=\"300\" height=\"289\" srcset=\"https:\/\/blogs.correiobraziliense.com.br\/capital-sa\/wp-content\/uploads\/sites\/59\/2021\/01\/ma-300x289.jpg 300w, https:\/\/blogs.correiobraziliense.com.br\/capital-sa\/wp-content\/uploads\/sites\/59\/2021\/01\/ma-230x222.jpg 230w, https:\/\/blogs.correiobraziliense.com.br\/capital-sa\/wp-content\/uploads\/sites\/59\/2021\/01\/ma.jpg 510w\" sizes=\"auto, (max-width: 300px) 100vw, 300px\" \/><\/p>\n<p>Para Magalh\u00e3es, &#8220;os aprendizados da pandemia certamente far\u00e3o com que o pr\u00f3ximo ano seja menos sofrido, todos n\u00f3s j\u00e1 nos adaptamos \u00e0 nova realidade&#8221;. A transi\u00e7\u00e3o hoje ser\u00e1 feita sem cerim\u00f4nia de posse devido \u00e0 pandemia. Assumem como vice-presidentes Eduardo Pereira Rodrigues Neto e Virg\u00ednia Gontijo Rezende Guimar\u00e3es.<\/p>\n","protected":false},"excerpt":{"rendered":"<p>O empres\u00e1rio Wagner Silveira J\u00fanior, 58 anos, assume hoje a presid\u00eancia da C\u00e2mara de Dirigentes Lojistas do Distrito Federal.\u00a0 Ele se define como um \u2018lojista raiz\u2019.\u00a0 Como pequeno empres\u00e1rio, quer dar aten\u00e7\u00e3o especial a essa fatia dos lojistas, que, segundo ele, sofre forte impacto da burocracia e de tributos. &#8220;\u00c9 o momento de enfrentar o novo, sabendo que a uni\u00e3o [&hellip;]<\/p>\n","protected":false},"author":125,"featured_media":1191,"comment_status":"open","ping_status":"open","sticky":false,"template":"","format":"standard","meta":{"footnotes":""},"categories":[6],"tags":[],"class_list":["post-1175","post","type-post","status-publish","format-standard","has-post-thumbnail","hentry","category-coluna-capital-s-a"],"_links":{"self":[{"href":"https:\/\/blogs.correiobraziliense.com.br\/capital-sa\/wp-json\/wp\/v2\/posts\/1175","targetHints":{"allow":["GET"]}}],"collection":[{"href":"https:\/\/blogs.correiobraziliense.com.br\/capital-sa\/wp-json\/wp\/v2\/posts"}],"about":[{"href":"https:\/\/blogs.correiobraziliense.com.br\/capital-sa\/wp-json\/wp\/v2\/types\/post"}],"author":[{"embeddable":true,"href":"https:\/\/blogs.correiobraziliense.com.br\/capital-sa\/wp-json\/wp\/v2\/users\/125"}],"replies":[{"embeddable":true,"href":"https:\/\/blogs.correiobraziliense.com.br\/capital-sa\/wp-json\/wp\/v2\/comments?post=1175"}],"version-history":[{"count":2,"href":"https:\/\/blogs.correiobraziliense.com.br\/capital-sa\/wp-json\/wp\/v2\/posts\/1175\/revisions"}],"predecessor-version":[{"id":1181,"href":"https:\/\/blogs.correiobraziliense.com.br\/capital-sa\/wp-json\/wp\/v2\/posts\/1175\/revisions\/1181"}],"wp:featuredmedia":[{"embeddable":true,"href":"https:\/\/blogs.correiobraziliense.com.br\/capital-sa\/wp-json\/wp\/v2\/media\/1191"}],"wp:attachment":[{"href":"https:\/\/blogs.correiobraziliense.com.br\/capital-sa\/wp-json\/wp\/v2\/media?parent=1175"}],"wp:term":[{"taxonomy":"category","embeddable":true,"href":"https:\/\/blogs.correiobraziliense.com.br\/capital-sa\/wp-json\/wp\/v2\/categories?post=1175"},{"taxonomy":"post_tag","embeddable":true,"href":"https:\/\/blogs.correiobraziliense.com.br\/capital-sa\/wp-json\/wp\/v2\/tags?post=1175"}],"curies":[{"name":"wp","href":"https:\/\/api.w.org\/{rel}","templated":true}]}}