{"id":11732,"date":"2023-02-13T15:15:41","date_gmt":"2023-02-13T18:15:41","guid":{"rendered":"https:\/\/blogs.correiobraziliense.com.br\/capital-sa\/?p=11732"},"modified":"2023-02-13T17:54:45","modified_gmt":"2023-02-13T20:54:45","slug":"para-incentivar-o-df-como-hub-de-cargas-imposto-do-querosene-pode-baixar","status":"publish","type":"post","link":"https:\/\/blogs.correiobraziliense.com.br\/capital-sa\/2023\/02\/13\/para-incentivar-o-df-como-hub-de-cargas-imposto-do-querosene-pode-baixar\/","title":{"rendered":"Para incentivar o DF como hub de cargas, imposto do querosene pode baixar"},"content":{"rendered":"<p class=\"p1\"><b>Por Samanta Sallum\u00a0<\/b><\/p>\n<p class=\"p1\"><span class=\"s1\">Est\u00e1 em estudo, na Secretaria de Fazenda do Distrito Federal, a redu\u00e7\u00e3o do ICMS do querosene usado na avia\u00e7\u00e3o (QAV). Seria um incentivo fiscal para atrair mais voos dom\u00e9sticos e internacionais, e colocar a capital federal em destaque como hub a\u00e9reo de cargas. Elas s\u00e3o transportadas nas \u201cbarrigas\u201d dos avi\u00f5es de passageiros. H\u00e1 espa\u00e7os ociosos.<br \/>\n<\/span><\/p>\n<p class=\"p1\"><span class=\"s1\">Assim, mais produtos seriam trazidos a Bras\u00edlia e escoados daqui tamb\u00e9m para outras regi\u00f5es.<\/span><\/p>\n<p><img loading=\"lazy\" decoding=\"async\" class=\"aligncenter size-medium wp-image-11738\" src=\"https:\/\/blogs.correiobraziliense.com.br\/capital-sa\/wp-content\/uploads\/sites\/59\/2023\/02\/8AB2BFB4-BE0D-4501-B570-B032CF4BEBA0-300x199.jpeg\" alt=\"\" width=\"300\" height=\"199\" srcset=\"https:\/\/blogs.correiobraziliense.com.br\/capital-sa\/wp-content\/uploads\/sites\/59\/2023\/02\/8AB2BFB4-BE0D-4501-B570-B032CF4BEBA0-300x199.jpeg 300w, https:\/\/blogs.correiobraziliense.com.br\/capital-sa\/wp-content\/uploads\/sites\/59\/2023\/02\/8AB2BFB4-BE0D-4501-B570-B032CF4BEBA0-230x152.jpeg 230w, https:\/\/blogs.correiobraziliense.com.br\/capital-sa\/wp-content\/uploads\/sites\/59\/2023\/02\/8AB2BFB4-BE0D-4501-B570-B032CF4BEBA0.jpeg 400w\" sizes=\"auto, (max-width: 300px) 100vw, 300px\" \/><\/p>\n<p class=\"p1\"><span class=\"s1\"><b>Redu\u00e7\u00e3o em SP<\/b><\/span><\/p>\n<p class=\"p1\"><span class=\"s1\">O QAV representa cerca de 35% dos custos das companhias a\u00e9reas. O DF est\u00e1 de olho na movimenta\u00e7\u00e3o de estados, como S\u00e3o Paulo. No in\u00edcio deste ano, o governador Tarc\u00edsio de Freitas reduziu a al\u00edquota do ICMS\u00a0<\/span>at\u00e9 dezembro de 2024 e, assim, atraiu mais 150 novos voos.<\/p>\n<p class=\"p1\"><span class=\"s1\"><b>Cautela<\/b><\/span><\/p>\n<p class=\"p1\"><span class=\"s1\">No entanto, o secret\u00e1rio de Fazenda do DF, Itamar Feitosa, explicou \u00e0 coluna que est\u00e1 cauteloso, que esta \u00e9 uma an\u00e1lise t\u00e9cnica profunda. \u201cPrecisamos ter sinais concretos de que o DF ter\u00e1 um bom retorno econ\u00f4mico para essa ren\u00fancia fiscal\u201d, ponderou.<\/span><\/p>\n<p class=\"p1\"><span class=\"s1\"><b>Perda com combust\u00edveis<\/b><\/span><\/p>\n<p class=\"p1\"><span class=\"s1\">O motivo da preocupa\u00e7\u00e3o \u00e9 que a Fazenda j\u00e1 vai ter de lidar com a perda, em 2023, na arrecada\u00e7\u00e3o de ICMS com os combust\u00edveis &#8211; j\u00e1 que foi prorrogada, pelo governo Lula, a validade da lei federal que reduziu o imposto. A perda para o DF pode chegar a R$\u00a01,2 bilh\u00e3o.<\/span><\/p>\n<p class=\"p1\"><span class=\"s1\"><b>\u201cEstados n\u00e3o s\u00e3o culpados\u201d<\/b><\/span><\/p>\n<p class=\"p1\"><span class=\"s1\">O secret\u00e1rio de Fazenda afirma que o ICMS dos estados n\u00e3o \u00e9 o vil\u00e3o dos altos pre\u00e7os dos combust\u00edveis. &#8221;Culparam os estados de forma injusta. S\u00e3o tantas outras vari\u00e1veis que influenciam os pre\u00e7os. E a gente p\u00f4de ver agora, recentemente, que teve aumento pela Petrobras, mas isso n\u00e3o se refletiu t\u00e3o automaticamente nos postos. Em v\u00e1rios, o pre\u00e7o at\u00e9 baixou\u201d, observa Feitosa.<\/span><\/p>\n","protected":false},"excerpt":{"rendered":"<p>Por Samanta Sallum\u00a0 Est\u00e1 em estudo, na Secretaria de Fazenda do Distrito Federal, a redu\u00e7\u00e3o do ICMS do querosene usado na avia\u00e7\u00e3o (QAV). Seria um incentivo fiscal para atrair mais voos dom\u00e9sticos e internacionais, e colocar a capital federal em destaque como hub a\u00e9reo de cargas. Elas s\u00e3o transportadas nas \u201cbarrigas\u201d dos avi\u00f5es de passageiros. H\u00e1 espa\u00e7os ociosos. Assim, mais [&hellip;]<\/p>\n","protected":false},"author":125,"featured_media":11737,"comment_status":"open","ping_status":"open","sticky":false,"template":"","format":"standard","meta":{"footnotes":""},"categories":[6],"tags":[505,1240,368,1838,1837,943],"class_list":["post-11732","post","type-post","status-publish","format-standard","has-post-thumbnail","hentry","category-coluna-capital-s-a","tag-combustiveis","tag-hub","tag-imposto","tag-qav","tag-querosene","tag-reducao"],"_links":{"self":[{"href":"https:\/\/blogs.correiobraziliense.com.br\/capital-sa\/wp-json\/wp\/v2\/posts\/11732","targetHints":{"allow":["GET"]}}],"collection":[{"href":"https:\/\/blogs.correiobraziliense.com.br\/capital-sa\/wp-json\/wp\/v2\/posts"}],"about":[{"href":"https:\/\/blogs.correiobraziliense.com.br\/capital-sa\/wp-json\/wp\/v2\/types\/post"}],"author":[{"embeddable":true,"href":"https:\/\/blogs.correiobraziliense.com.br\/capital-sa\/wp-json\/wp\/v2\/users\/125"}],"replies":[{"embeddable":true,"href":"https:\/\/blogs.correiobraziliense.com.br\/capital-sa\/wp-json\/wp\/v2\/comments?post=11732"}],"version-history":[{"count":7,"href":"https:\/\/blogs.correiobraziliense.com.br\/capital-sa\/wp-json\/wp\/v2\/posts\/11732\/revisions"}],"predecessor-version":[{"id":11757,"href":"https:\/\/blogs.correiobraziliense.com.br\/capital-sa\/wp-json\/wp\/v2\/posts\/11732\/revisions\/11757"}],"wp:featuredmedia":[{"embeddable":true,"href":"https:\/\/blogs.correiobraziliense.com.br\/capital-sa\/wp-json\/wp\/v2\/media\/11737"}],"wp:attachment":[{"href":"https:\/\/blogs.correiobraziliense.com.br\/capital-sa\/wp-json\/wp\/v2\/media?parent=11732"}],"wp:term":[{"taxonomy":"category","embeddable":true,"href":"https:\/\/blogs.correiobraziliense.com.br\/capital-sa\/wp-json\/wp\/v2\/categories?post=11732"},{"taxonomy":"post_tag","embeddable":true,"href":"https:\/\/blogs.correiobraziliense.com.br\/capital-sa\/wp-json\/wp\/v2\/tags?post=11732"}],"curies":[{"name":"wp","href":"https:\/\/api.w.org\/{rel}","templated":true}]}}