{"id":11705,"date":"2023-02-12T22:56:47","date_gmt":"2023-02-13T01:56:47","guid":{"rendered":"https:\/\/blogs.correiobraziliense.com.br\/capital-sa\/?p=11705"},"modified":"2023-02-13T17:39:18","modified_gmt":"2023-02-13T20:39:18","slug":"lideranca-nacional-dos-supermercados-assume-unecs","status":"publish","type":"post","link":"https:\/\/blogs.correiobraziliense.com.br\/capital-sa\/2023\/02\/12\/lideranca-nacional-dos-supermercados-assume-unecs\/","title":{"rendered":"Lideran\u00e7a nacional dos supermercados assume Unecs"},"content":{"rendered":"<p class=\"p1\"><b>Por Samanta Sallum\u00a0<\/b><\/p>\n<p>O Conselho de Administra\u00e7\u00e3o do Instituto Unecs \u2013 Uni\u00e3o Nacional de Entidades do Com\u00e9rcio e Servi\u00e7os\u00a0\u2013 escolheu, por unanimidade, Jo\u00e3o Carlos Galassi para presidir o grupo at\u00e9 2025. Presidente da Associa\u00e7\u00e3o Brasileira de Supermercados (Abras) desde 2020, ele tomar\u00e1 posse em 8 de mar\u00e7o e atuar\u00e1 simultaneamente no comando das duas entidades.<\/p>\n<p class=\"p1\"><span class=\"s1\">A Unecs \u00e9 formada pelas mais influentes entidades do com\u00e9rcio e servi\u00e7os. Entre elas, a Confedera\u00e7\u00e3o Nacional de Dirigentes Lojistas (CNDL), cujo presidente, Jos\u00e9 C\u00e9sar da Costa, tamb\u00e9m preside o grupo. Passar\u00e1 agora<span class=\"Apple-converted-space\">\u00a0<\/span>a gest\u00e3o para Galassi.<\/span><\/p>\n<p><img loading=\"lazy\" decoding=\"async\" class=\"aligncenter size-medium wp-image-11712\" src=\"https:\/\/blogs.correiobraziliense.com.br\/capital-sa\/wp-content\/uploads\/sites\/59\/2023\/02\/65AFF251-2DD9-485B-8AD3-C696C50F5F08-300x199.jpeg\" alt=\"\" width=\"300\" height=\"199\" srcset=\"https:\/\/blogs.correiobraziliense.com.br\/capital-sa\/wp-content\/uploads\/sites\/59\/2023\/02\/65AFF251-2DD9-485B-8AD3-C696C50F5F08-300x199.jpeg 300w, https:\/\/blogs.correiobraziliense.com.br\/capital-sa\/wp-content\/uploads\/sites\/59\/2023\/02\/65AFF251-2DD9-485B-8AD3-C696C50F5F08-550x364.jpeg 550w, https:\/\/blogs.correiobraziliense.com.br\/capital-sa\/wp-content\/uploads\/sites\/59\/2023\/02\/65AFF251-2DD9-485B-8AD3-C696C50F5F08-230x152.jpeg 230w, https:\/\/blogs.correiobraziliense.com.br\/capital-sa\/wp-content\/uploads\/sites\/59\/2023\/02\/65AFF251-2DD9-485B-8AD3-C696C50F5F08.jpeg 630w\" sizes=\"auto, (max-width: 300px) 100vw, 300px\" \/><\/p>\n<p>&#8220;Assumo a presid\u00eancia da Unecs com a expectativa de sermos cada vez mais protagonistas de importantes momentos na defesa dos interesses do com\u00e9rcio e servi\u00e7os, segmentos que juntos s\u00e3o os maiores geradores de emprego e renda no pa\u00eds. Uni\u00e3o, di\u00e1logo e inova\u00e7\u00e3o ser\u00e3o fatores determinantes nos pr\u00f3ximos tempos\u201d, afirmou Galassi.<\/p>\n","protected":false},"excerpt":{"rendered":"<p>Por Samanta Sallum\u00a0 O Conselho de Administra\u00e7\u00e3o do Instituto Unecs \u2013 Uni\u00e3o Nacional de Entidades do Com\u00e9rcio e Servi\u00e7os\u00a0\u2013 escolheu, por unanimidade, Jo\u00e3o Carlos Galassi para presidir o grupo at\u00e9 2025. Presidente da Associa\u00e7\u00e3o Brasileira de Supermercados (Abras) desde 2020, ele tomar\u00e1 posse em 8 de mar\u00e7o e atuar\u00e1 simultaneamente no comando das duas entidades. A Unecs \u00e9 formada pelas [&hellip;]<\/p>\n","protected":false},"author":125,"featured_media":11711,"comment_status":"open","ping_status":"open","sticky":false,"template":"","format":"standard","meta":{"footnotes":""},"categories":[6],"tags":[1827,1050,158,419,454,1277,10],"class_list":["post-11705","post","type-post","status-publish","format-standard","has-post-thumbnail","hentry","category-coluna-capital-s-a","tag-abras","tag-cndl","tag-empregos","tag-renda","tag-servicos","tag-unecs","tag-comercio"],"_links":{"self":[{"href":"https:\/\/blogs.correiobraziliense.com.br\/capital-sa\/wp-json\/wp\/v2\/posts\/11705","targetHints":{"allow":["GET"]}}],"collection":[{"href":"https:\/\/blogs.correiobraziliense.com.br\/capital-sa\/wp-json\/wp\/v2\/posts"}],"about":[{"href":"https:\/\/blogs.correiobraziliense.com.br\/capital-sa\/wp-json\/wp\/v2\/types\/post"}],"author":[{"embeddable":true,"href":"https:\/\/blogs.correiobraziliense.com.br\/capital-sa\/wp-json\/wp\/v2\/users\/125"}],"replies":[{"embeddable":true,"href":"https:\/\/blogs.correiobraziliense.com.br\/capital-sa\/wp-json\/wp\/v2\/comments?post=11705"}],"version-history":[{"count":8,"href":"https:\/\/blogs.correiobraziliense.com.br\/capital-sa\/wp-json\/wp\/v2\/posts\/11705\/revisions"}],"predecessor-version":[{"id":11751,"href":"https:\/\/blogs.correiobraziliense.com.br\/capital-sa\/wp-json\/wp\/v2\/posts\/11705\/revisions\/11751"}],"wp:featuredmedia":[{"embeddable":true,"href":"https:\/\/blogs.correiobraziliense.com.br\/capital-sa\/wp-json\/wp\/v2\/media\/11711"}],"wp:attachment":[{"href":"https:\/\/blogs.correiobraziliense.com.br\/capital-sa\/wp-json\/wp\/v2\/media?parent=11705"}],"wp:term":[{"taxonomy":"category","embeddable":true,"href":"https:\/\/blogs.correiobraziliense.com.br\/capital-sa\/wp-json\/wp\/v2\/categories?post=11705"},{"taxonomy":"post_tag","embeddable":true,"href":"https:\/\/blogs.correiobraziliense.com.br\/capital-sa\/wp-json\/wp\/v2\/tags?post=11705"}],"curies":[{"name":"wp","href":"https:\/\/api.w.org\/{rel}","templated":true}]}}