{"id":11697,"date":"2023-02-12T22:34:03","date_gmt":"2023-02-13T01:34:03","guid":{"rendered":"https:\/\/blogs.correiobraziliense.com.br\/capital-sa\/?p=11697"},"modified":"2023-02-13T17:34:58","modified_gmt":"2023-02-13T20:34:58","slug":"apoio-do-gdf-a-abrasel","status":"publish","type":"post","link":"https:\/\/blogs.correiobraziliense.com.br\/capital-sa\/2023\/02\/12\/apoio-do-gdf-a-abrasel\/","title":{"rendered":"Apoio do GDF \u00e0 Abrasel"},"content":{"rendered":"<p class=\"p2\"><b>Por Samanta Sallum\u00a0<\/b><\/p>\n<p class=\"p2\">A governadora em exerc\u00edcio, Celina Le\u00e3o, al\u00e9m de v\u00e1rias autoridades e representantes do setor, prestigiou a posse de Beto Pinheiro na Abrasel\/DF. Ele foi reconduzido \u00e0 presid\u00eancia da entidade para mais um mandato at\u00e9 2023. O presidente nacional da associa\u00e7\u00e3o, Paulo Solmucci, veio a Bras\u00edlia para o evento.<\/p>\n<p class=\"p2\">\u201cO Estado deve ser parceiro na redu\u00e7\u00e3o de impostos e da burocracia. Voc\u00eas s\u00e3o os grandes geradores de emprego e podem contar com nosso apoio\u201d, afirmou Celina.<\/p>\n<p class=\"p2\"><span class=\"s1\"><b>Empregos<\/b>\u00a0<\/span><\/p>\n<p class=\"p2\"><span class=\"s1\">\u201cAqui em Bras\u00edlia, s\u00e3o aproximadamente 28 mil CNPJs, e, desse montante, estamos gerando 60 mil empregos no Distrito Federal. S\u00f3 o grupo Coco Bambu gera 1.100 empregos na cidade\u201d, destacou Pinheiro, se referindo ao setor de bares e restaurantes.<span class=\"Apple-converted-space\"><br \/>\n<\/span><\/span><\/p>\n<p class=\"p2\"><span class=\"s1\">Ele \u00e9 um dos s\u00f3cios da rede de restaurantes Coco Bambu.\u00a0Com ele, assumiram tamb\u00e9m na diretoria da Abrasel mais 14 empres\u00e1rios, que est\u00e3o \u00e0 frente de diversos estabelecimentos da capital.<\/span><\/p>\n<p><img loading=\"lazy\" decoding=\"async\" class=\"aligncenter size-medium wp-image-11703\" src=\"https:\/\/blogs.correiobraziliense.com.br\/capital-sa\/wp-content\/uploads\/sites\/59\/2023\/02\/6ADD95AE-7482-4AD6-9A32-561693AF857A-300x277.jpeg\" alt=\"\" width=\"300\" height=\"277\" srcset=\"https:\/\/blogs.correiobraziliense.com.br\/capital-sa\/wp-content\/uploads\/sites\/59\/2023\/02\/6ADD95AE-7482-4AD6-9A32-561693AF857A-300x277.jpeg 300w, https:\/\/blogs.correiobraziliense.com.br\/capital-sa\/wp-content\/uploads\/sites\/59\/2023\/02\/6ADD95AE-7482-4AD6-9A32-561693AF857A.jpeg 768w, https:\/\/blogs.correiobraziliense.com.br\/capital-sa\/wp-content\/uploads\/sites\/59\/2023\/02\/6ADD95AE-7482-4AD6-9A32-561693AF857A-550x508.jpeg 550w, https:\/\/blogs.correiobraziliense.com.br\/capital-sa\/wp-content\/uploads\/sites\/59\/2023\/02\/6ADD95AE-7482-4AD6-9A32-561693AF857A-230x213.jpeg 230w\" sizes=\"auto, (max-width: 300px) 100vw, 300px\" \/><\/p>\n","protected":false},"excerpt":{"rendered":"<p>Por Samanta Sallum\u00a0 A governadora em exerc\u00edcio, Celina Le\u00e3o, al\u00e9m de v\u00e1rias autoridades e representantes do setor, prestigiou a posse de Beto Pinheiro na Abrasel\/DF. Ele foi reconduzido \u00e0 presid\u00eancia da entidade para mais um mandato at\u00e9 2023. O presidente nacional da associa\u00e7\u00e3o, Paulo Solmucci, veio a Bras\u00edlia para o evento. \u201cO Estado deve ser parceiro na redu\u00e7\u00e3o de impostos [&hellip;]<\/p>\n","protected":false},"author":125,"featured_media":11701,"comment_status":"open","ping_status":"open","sticky":false,"template":"","format":"standard","meta":{"footnotes":""},"categories":[6],"tags":[738,226,158,1502],"class_list":["post-11697","post","type-post","status-publish","format-standard","has-post-thumbnail","hentry","category-coluna-capital-s-a","tag-abrasel-df","tag-betopinheiro","tag-empregos","tag-posse"],"_links":{"self":[{"href":"https:\/\/blogs.correiobraziliense.com.br\/capital-sa\/wp-json\/wp\/v2\/posts\/11697","targetHints":{"allow":["GET"]}}],"collection":[{"href":"https:\/\/blogs.correiobraziliense.com.br\/capital-sa\/wp-json\/wp\/v2\/posts"}],"about":[{"href":"https:\/\/blogs.correiobraziliense.com.br\/capital-sa\/wp-json\/wp\/v2\/types\/post"}],"author":[{"embeddable":true,"href":"https:\/\/blogs.correiobraziliense.com.br\/capital-sa\/wp-json\/wp\/v2\/users\/125"}],"replies":[{"embeddable":true,"href":"https:\/\/blogs.correiobraziliense.com.br\/capital-sa\/wp-json\/wp\/v2\/comments?post=11697"}],"version-history":[{"count":6,"href":"https:\/\/blogs.correiobraziliense.com.br\/capital-sa\/wp-json\/wp\/v2\/posts\/11697\/revisions"}],"predecessor-version":[{"id":11747,"href":"https:\/\/blogs.correiobraziliense.com.br\/capital-sa\/wp-json\/wp\/v2\/posts\/11697\/revisions\/11747"}],"wp:featuredmedia":[{"embeddable":true,"href":"https:\/\/blogs.correiobraziliense.com.br\/capital-sa\/wp-json\/wp\/v2\/media\/11701"}],"wp:attachment":[{"href":"https:\/\/blogs.correiobraziliense.com.br\/capital-sa\/wp-json\/wp\/v2\/media?parent=11697"}],"wp:term":[{"taxonomy":"category","embeddable":true,"href":"https:\/\/blogs.correiobraziliense.com.br\/capital-sa\/wp-json\/wp\/v2\/categories?post=11697"},{"taxonomy":"post_tag","embeddable":true,"href":"https:\/\/blogs.correiobraziliense.com.br\/capital-sa\/wp-json\/wp\/v2\/tags?post=11697"}],"curies":[{"name":"wp","href":"https:\/\/api.w.org\/{rel}","templated":true}]}}