{"id":11633,"date":"2023-02-08T15:14:43","date_gmt":"2023-02-08T18:14:43","guid":{"rendered":"https:\/\/blogs.correiobraziliense.com.br\/capital-sa\/?p=11633"},"modified":"2023-02-13T17:28:53","modified_gmt":"2023-02-13T20:28:53","slug":"o-brasil-voltou-a-ter-diplomacia-presidencial-diz-jorge-viana-da-apex","status":"publish","type":"post","link":"https:\/\/blogs.correiobraziliense.com.br\/capital-sa\/2023\/02\/08\/o-brasil-voltou-a-ter-diplomacia-presidencial-diz-jorge-viana-da-apex\/","title":{"rendered":"\u201cO Brasil voltou a ter diplomacia presidencial\u201d, diz Jorge Viana da Apex"},"content":{"rendered":"<p><em>Presidente da Ag\u00eancia Brasileira de Promo\u00e7\u00e3o de Exporta\u00e7\u00f5es e Investimentos\u00a0falou, em encontro com o Lide\/DF, sobre juros altos e que \u00e9 preciso tirar o pa\u00eds da \u201czona de conflito\u201d<\/em><\/p>\n<p><b>Por Samanta Sallum\u00a0<\/b><\/p>\n<p class=\"p1\">O novo presidente da Apex, Jorge Viana (PT), afirmou, durante evento para empres\u00e1rios, em Bras\u00edlia, que Lula \u00e9 o maior garoto-propaganda dos produtos e empresas do Brasil no exterior. Ele criticou o governo passado de Bolsonaro por ter virado as costas para Am\u00e9rica do Sul e \u00c1frica, para parceiros comerciais importantes.<\/p>\n<p class=\"p1\"><span class=\"s1\">\u201cN\u00e3o foi realizada visita alguma. O Egito, por exemplo, \u00e9 importante parceiro. Mas o presidente Lula, assim que assumiu, retomou essa rela\u00e7\u00e3o com o mundo. Em menos de um m\u00eas, esteve na Argentina, no Uruguai e pr\u00f3ximo da miss\u00e3o da Alemanha important\u00edssima. E agora vai aos EUA\u201d, apontou o ex-senador e ex-governador do Acre. <\/span><\/p>\n<p class=\"p1\"><span class=\"s1\">O evento, em que falou sobre as perspectivas da\u00a0<\/span>Ag\u00eancia Brasileira de Promo\u00e7\u00e3o de Exporta\u00e7\u00f5es e Investimentos (Apex), ocorreu durante almo\u00e7o com lideran\u00e7as empresariais, o grupo Lide do Distrito Federal, que tem Paulo Oct\u00e1vio, do PSD, como presidente. O encontro foi no Hotel Royal Tulip.<\/p>\n<p class=\"p1\"><span class=\"s1\">Viana refor\u00e7ou: \u201cA imagem do pa\u00eds estava muito ruim no exterior. O\u00a0<\/span>Brasil agora voltou a ter diplomacia presidencial\u201d, referindo-se ao papel de Lula nas rela\u00e7\u00f5es internacionais.<\/p>\n<p class=\"p1\"><span class=\"s1\"><b>Juros altos <\/b><\/span><\/p>\n<p class=\"p1\"><span class=\"s1\">O presidente da Apex refor\u00e7ou o coro do Lula sobre os altos juros definidos pelo Banco Central. \u201cEm nenhum pa\u00eds do mundo temos taxas t\u00e3o altas.\u201d<\/span><\/p>\n<blockquote>\n<p class=\"p1\"><span class=\"s1\">Segundo ele, o in\u00edcio do governo est\u00e1 passando por \u201cturbul\u00eancia\u201d com o Banco Central. Mas afirmou que confia em Lula para encontrar o equil\u00edbrio nessa rela\u00e7\u00e3o.<\/span><\/p>\n<p class=\"p1\"><span class=\"s1\"> \u201cNosso presidente \u00e9 mestre nisso. Saber\u00e1 buscar o entendimento\u201d, apostou.<\/span><\/p>\n<\/blockquote>\n<p class=\"p1\"><span class=\"s1\">Viana foi questionado sobre a falta de seguran\u00e7a jur\u00eddica no pa\u00eds para os investidores. Ele disse que ainda est\u00e1 sendo necess\u00e1rio tirar o pa\u00eds da \u201czona de conflito\u201d entre bolsonaristas e petistas.<br \/>\n<\/span><\/p>\n<p class=\"p1\"><span class=\"s1\">\u201cPrecisamos todos buscar a serenidade com pluralidade, que \u00e9 fundamental na democracia. Mas todos os lados precisam dar um passo para tr\u00e1s neste momento para avan\u00e7armos. E voltarmos o foco para o trabalho, para o fazer pelo Brasil\u201d, destacou.<\/span><\/p>\n<p>A pr\u00f3xima grande miss\u00e3o da Apex ser\u00e1 na China em mar\u00e7o. A ag\u00eancia, criada h\u00e1 25 anos,\u00a0tem nove escrit\u00f3rios internacionais. Entre os locais, est\u00e3o Dubai, Miami, Bruxelas e Bogot\u00e1.<\/p>\n","protected":false},"excerpt":{"rendered":"<p>Presidente da Ag\u00eancia Brasileira de Promo\u00e7\u00e3o de Exporta\u00e7\u00f5es e Investimentos\u00a0falou, em encontro com o Lide\/DF, sobre juros altos e que \u00e9 preciso tirar o pa\u00eds da \u201czona de conflito\u201d Por Samanta Sallum\u00a0 O novo presidente da Apex, Jorge Viana (PT), afirmou, durante evento para empres\u00e1rios, em Bras\u00edlia, que Lula \u00e9 o maior garoto-propaganda dos produtos e empresas do Brasil no [&hellip;]<\/p>\n","protected":false},"author":125,"featured_media":11637,"comment_status":"open","ping_status":"open","sticky":false,"template":"","format":"standard","meta":{"footnotes":""},"categories":[6],"tags":[1823,1268,1165,1809,10],"class_list":["post-11633","post","type-post","status-publish","format-standard","has-post-thumbnail","hentry","category-coluna-capital-s-a","tag-exterior","tag-governo","tag-lula","tag-apex","tag-comercio"],"_links":{"self":[{"href":"https:\/\/blogs.correiobraziliense.com.br\/capital-sa\/wp-json\/wp\/v2\/posts\/11633","targetHints":{"allow":["GET"]}}],"collection":[{"href":"https:\/\/blogs.correiobraziliense.com.br\/capital-sa\/wp-json\/wp\/v2\/posts"}],"about":[{"href":"https:\/\/blogs.correiobraziliense.com.br\/capital-sa\/wp-json\/wp\/v2\/types\/post"}],"author":[{"embeddable":true,"href":"https:\/\/blogs.correiobraziliense.com.br\/capital-sa\/wp-json\/wp\/v2\/users\/125"}],"replies":[{"embeddable":true,"href":"https:\/\/blogs.correiobraziliense.com.br\/capital-sa\/wp-json\/wp\/v2\/comments?post=11633"}],"version-history":[{"count":14,"href":"https:\/\/blogs.correiobraziliense.com.br\/capital-sa\/wp-json\/wp\/v2\/posts\/11633\/revisions"}],"predecessor-version":[{"id":11745,"href":"https:\/\/blogs.correiobraziliense.com.br\/capital-sa\/wp-json\/wp\/v2\/posts\/11633\/revisions\/11745"}],"wp:featuredmedia":[{"embeddable":true,"href":"https:\/\/blogs.correiobraziliense.com.br\/capital-sa\/wp-json\/wp\/v2\/media\/11637"}],"wp:attachment":[{"href":"https:\/\/blogs.correiobraziliense.com.br\/capital-sa\/wp-json\/wp\/v2\/media?parent=11633"}],"wp:term":[{"taxonomy":"category","embeddable":true,"href":"https:\/\/blogs.correiobraziliense.com.br\/capital-sa\/wp-json\/wp\/v2\/categories?post=11633"},{"taxonomy":"post_tag","embeddable":true,"href":"https:\/\/blogs.correiobraziliense.com.br\/capital-sa\/wp-json\/wp\/v2\/tags?post=11633"}],"curies":[{"name":"wp","href":"https:\/\/api.w.org\/{rel}","templated":true}]}}