{"id":11618,"date":"2023-02-06T07:27:14","date_gmt":"2023-02-06T10:27:14","guid":{"rendered":"https:\/\/blogs.correiobraziliense.com.br\/capital-sa\/?p=11618"},"modified":"2023-02-13T17:22:46","modified_gmt":"2023-02-13T20:22:46","slug":"shopping-abre-espaco-para-pequenos-produtores","status":"publish","type":"post","link":"https:\/\/blogs.correiobraziliense.com.br\/capital-sa\/2023\/02\/06\/shopping-abre-espaco-para-pequenos-produtores\/","title":{"rendered":"Shopping abre espa\u00e7o para pequenos produtores"},"content":{"rendered":"<p><strong>Coluna Capital S\/A, por Ana Dubeux (interina)<\/strong><\/p>\n<p>H\u00e1 quase 30 anos em atividade com lojas tradicionais, o Liberty Mall, um dos mais conhecidos shoppings do DF, est\u00e1 revendo o seu conceito, com aten\u00e7\u00e3o direta aos produtores locais. O foco, agora, \u00e9 a economia criativa. Feiras de artesanato, m\u00fasica e lojas voltadas \u00e0 cultura de Bras\u00edlia s\u00e3o alguns dos novos investimentos anunciados, visando atrair p\u00fablico e aumentar o faturamento.<\/p>\n<p>Sem descuidar das lojas tradicionais, o shopping investe tamb\u00e9m em empreendimentos com perfil colaborativo. De acordo com o superintendente Alexandre Mendes, h\u00e1 pelo menos quatro anos o shopping observa o interesse do consumidor por lojas com tend\u00eancias culturais e criativas. &#8220;A realiza\u00e7\u00e3o de feiras, eventos culturais e espa\u00e7o coworking gratuito, aberto para palestras e outras atividades, s\u00e3o algumas das medidas tomadas para incentivar o empreendedorismo criativo&#8221;, conta.<\/p>\n<p>A loja de camisetas Verdur\u00e3o, afirma Mendes, \u00e9 um exemplo que come\u00e7ou com o perfil colaborativo e hoje se estabeleceu no shopping com a est\u00e9tica da arquitetura de Bras\u00edlia. A loja Cria Bras\u00edlia tamb\u00e9m atua no espa\u00e7o com base na cultura brasiliense, com foco em cores, formas e texturas do Cerrado.<\/p>\n<p><strong>Teatro e m\u00fasica<br \/>\n<\/strong>Al\u00e9m das lojas com perfil brasiliense, o shopping procura dar visibilidade \u00e0 arte e \u00e0 m\u00fasica. O grupo teatral Neia e Nando, de alta visibilidade em Bras\u00edlia, por exemplo, tem sua sede no Liberty Mall. Alexandre Mendes ressalta que eles tamb\u00e9m possuem projetos com foco nas can\u00e7\u00f5es e grupos musicais de Bras\u00edlia.<\/p>\n<p>O shopping tem um piano de cauda no centro da pra\u00e7a de alimenta\u00e7\u00e3o dispon\u00edvel a artistas que queiram realizar performances musicais. As feiras, por sua vez, seguem um novo conceito. &#8220;N\u00e3o s\u00e3o as tradicionais feiras de artesanato. A meta \u00e9 trabalhar com coletivos criativos.&#8221;<\/p>\n<p>Ainda de acordo com o superintendente do Liberty Mall, o perfil criativo adotado tem apresentado crescimento org\u00e2nico, Pelo menos 10% das 61 lojas operam no formato colaborativo.<\/p>\n","protected":false},"excerpt":{"rendered":"<p>Feiras de artesanato, m\u00fasica e lojas voltadas \u00e0 cultura de Bras\u00edlia s\u00e3o alguns dos novos investimentos anunciados no Liberty Mall<\/p>\n","protected":false},"author":125,"featured_media":11619,"comment_status":"open","ping_status":"open","sticky":false,"template":"","format":"standard","meta":{"footnotes":""},"categories":[6],"tags":[1821,402,1736,1812,1813],"class_list":["post-11618","post","type-post","status-publish","format-standard","has-post-thumbnail","hentry","category-coluna-capital-s-a","tag-lojascriativas","tag-shopping","tag-economia-criativa","tag-liberty-mall","tag-pequenos-produtores"],"_links":{"self":[{"href":"https:\/\/blogs.correiobraziliense.com.br\/capital-sa\/wp-json\/wp\/v2\/posts\/11618","targetHints":{"allow":["GET"]}}],"collection":[{"href":"https:\/\/blogs.correiobraziliense.com.br\/capital-sa\/wp-json\/wp\/v2\/posts"}],"about":[{"href":"https:\/\/blogs.correiobraziliense.com.br\/capital-sa\/wp-json\/wp\/v2\/types\/post"}],"author":[{"embeddable":true,"href":"https:\/\/blogs.correiobraziliense.com.br\/capital-sa\/wp-json\/wp\/v2\/users\/125"}],"replies":[{"embeddable":true,"href":"https:\/\/blogs.correiobraziliense.com.br\/capital-sa\/wp-json\/wp\/v2\/comments?post=11618"}],"version-history":[{"count":3,"href":"https:\/\/blogs.correiobraziliense.com.br\/capital-sa\/wp-json\/wp\/v2\/posts\/11618\/revisions"}],"predecessor-version":[{"id":11742,"href":"https:\/\/blogs.correiobraziliense.com.br\/capital-sa\/wp-json\/wp\/v2\/posts\/11618\/revisions\/11742"}],"wp:featuredmedia":[{"embeddable":true,"href":"https:\/\/blogs.correiobraziliense.com.br\/capital-sa\/wp-json\/wp\/v2\/media\/11619"}],"wp:attachment":[{"href":"https:\/\/blogs.correiobraziliense.com.br\/capital-sa\/wp-json\/wp\/v2\/media?parent=11618"}],"wp:term":[{"taxonomy":"category","embeddable":true,"href":"https:\/\/blogs.correiobraziliense.com.br\/capital-sa\/wp-json\/wp\/v2\/categories?post=11618"},{"taxonomy":"post_tag","embeddable":true,"href":"https:\/\/blogs.correiobraziliense.com.br\/capital-sa\/wp-json\/wp\/v2\/tags?post=11618"}],"curies":[{"name":"wp","href":"https:\/\/api.w.org\/{rel}","templated":true}]}}