{"id":11612,"date":"2023-02-03T08:44:59","date_gmt":"2023-02-03T11:44:59","guid":{"rendered":"https:\/\/blogs.correiobraziliense.com.br\/capital-sa\/?p=11612"},"modified":"2023-02-03T08:44:59","modified_gmt":"2023-02-03T11:44:59","slug":"embaixadora-elizabeth-bagley-tera-primeiro-encontro-com-lula","status":"publish","type":"post","link":"https:\/\/blogs.correiobraziliense.com.br\/capital-sa\/2023\/02\/03\/embaixadora-elizabeth-bagley-tera-primeiro-encontro-com-lula\/","title":{"rendered":"Embaixadora Elizabeth Bagley ter\u00e1 primeiro encontro com Lula"},"content":{"rendered":"<p><strong>Coluna Capital S\/A, por Ana Dubeux (interina)<\/strong><\/p>\n<p>A nova embaixadora dos Estados Unidos no Brasil, Elizabeth Bagley, apresenta as credenciais para atuar no pa\u00eds, hoje \u00e0 tarde, a Luiz In\u00e1cio Lula da Silva. O tema do encontro ser\u00e1 a viagem que o presidente far\u00e1 a Washington, na pr\u00f3xima semana, para a primeira visita a Joe na Casa Branca.<\/p>\n<h3>Sustentabilidade no Metr\u00f4-DF<\/h3>\n<p>A Companhia do Metropolitano do Distrito Federal recebeu pelo segundo ano consecutivo uma certifica\u00e7\u00e3o pela coleta e descarte corretos de lixo eletr\u00f4nico. O Metr\u00f4-DF recolheu 1.850 quilos de res\u00edduos eletr\u00f4nicos em pontos de entrega volunt\u00e1ria, os PEVs, instalados em cinco esta\u00e7\u00f5es e na sede da empresa. O projeto \u00e9 uma parceria com a ONG Programando o Futuro, que atua em log\u00edstica reversa e \u00e9 o bra\u00e7o operacional do Reciclotech, programa que tem como parceiro governamental a Secretaria de Ci\u00eancia, Tecnologia e Inova\u00e7\u00e3o do DF.<\/p>\n<p><strong>Uso de teatros gratuitamente<br \/>\n<\/strong>Sesc Mais Cultura 2023 divulgou chamamento direcionado para artistas interessados em utilizar os teatros da institui\u00e7\u00e3o de forma gratuita. Ser\u00e3o contempladas atividades culturais em formato presencial, incluindo apresenta\u00e7\u00f5es de espet\u00e1culos c\u00eanicos, shows musicais, festivais, oficinas, palestras, debates, programas e outros. As inscri\u00e7\u00f5es j\u00e1 est\u00e3o abertas e devem ser feitas exclusivamente pela internet. O projeto acontecer\u00e1 entre os meses de fevereiro a outubro deste ano e tem por objetivo promover, articular e incentivar o desenvolvimento da cultura no Distrito Federal, por meio da cess\u00e3o dos espa\u00e7os com isen\u00e7\u00e3o da taxa de uso do local<\/p>\n<p><strong>Nova temporada<br \/>\n<\/strong>Vem a\u00ed a 27\u00aa edi\u00e7\u00e3o do Restaurant Week. O tradicional festival gastron\u00f4mico ser\u00e1 de 9 de fevereiro a 12 de mar\u00e7o. Mais de 90 restaurantes confirmados.<\/p>\n<p>&nbsp;<\/p>\n","protected":false},"excerpt":{"rendered":"<p>O tema do encontro ser\u00e1 a viagem que o presidente far\u00e1 a Washington, na pr\u00f3xima semana, para a primeira visita a Joe na Casa Branca<\/p>\n","protected":false},"author":125,"featured_media":11613,"comment_status":"open","ping_status":"open","sticky":false,"template":"","format":"standard","meta":{"footnotes":""},"categories":[6],"tags":[109,1805,1806],"class_list":["post-11612","post","type-post","status-publish","format-standard","has-post-thumbnail","hentry","category-coluna-capital-s-a","tag-metro","tag-elizabeth-bagley","tag-restaurant-week"],"_links":{"self":[{"href":"https:\/\/blogs.correiobraziliense.com.br\/capital-sa\/wp-json\/wp\/v2\/posts\/11612","targetHints":{"allow":["GET"]}}],"collection":[{"href":"https:\/\/blogs.correiobraziliense.com.br\/capital-sa\/wp-json\/wp\/v2\/posts"}],"about":[{"href":"https:\/\/blogs.correiobraziliense.com.br\/capital-sa\/wp-json\/wp\/v2\/types\/post"}],"author":[{"embeddable":true,"href":"https:\/\/blogs.correiobraziliense.com.br\/capital-sa\/wp-json\/wp\/v2\/users\/125"}],"replies":[{"embeddable":true,"href":"https:\/\/blogs.correiobraziliense.com.br\/capital-sa\/wp-json\/wp\/v2\/comments?post=11612"}],"version-history":[{"count":1,"href":"https:\/\/blogs.correiobraziliense.com.br\/capital-sa\/wp-json\/wp\/v2\/posts\/11612\/revisions"}],"predecessor-version":[{"id":11614,"href":"https:\/\/blogs.correiobraziliense.com.br\/capital-sa\/wp-json\/wp\/v2\/posts\/11612\/revisions\/11614"}],"wp:featuredmedia":[{"embeddable":true,"href":"https:\/\/blogs.correiobraziliense.com.br\/capital-sa\/wp-json\/wp\/v2\/media\/11613"}],"wp:attachment":[{"href":"https:\/\/blogs.correiobraziliense.com.br\/capital-sa\/wp-json\/wp\/v2\/media?parent=11612"}],"wp:term":[{"taxonomy":"category","embeddable":true,"href":"https:\/\/blogs.correiobraziliense.com.br\/capital-sa\/wp-json\/wp\/v2\/categories?post=11612"},{"taxonomy":"post_tag","embeddable":true,"href":"https:\/\/blogs.correiobraziliense.com.br\/capital-sa\/wp-json\/wp\/v2\/tags?post=11612"}],"curies":[{"name":"wp","href":"https:\/\/api.w.org\/{rel}","templated":true}]}}