{"id":11609,"date":"2023-02-03T08:34:07","date_gmt":"2023-02-03T11:34:07","guid":{"rendered":"https:\/\/blogs.correiobraziliense.com.br\/capital-sa\/?p=11609"},"modified":"2023-02-03T08:34:20","modified_gmt":"2023-02-03T11:34:20","slug":"socorro-vale-vitalidade-disposicao-e-empreendedorismo","status":"publish","type":"post","link":"https:\/\/blogs.correiobraziliense.com.br\/capital-sa\/2023\/02\/03\/socorro-vale-vitalidade-disposicao-e-empreendedorismo\/","title":{"rendered":"Socorro Vale, vitalidade, disposi\u00e7\u00e3o e empreendedorismo"},"content":{"rendered":"<p><strong>Coluna Capital S\/A, por Ana Dubeux (interina)<\/strong><\/p>\n<p>Aos 85 anos, a empres\u00e1ria maranhense de nascimento e candanga de cora\u00e7\u00e3o Socorro Vale \u00e9 prova cabal de que a idade avan\u00e7ada n\u00e3o \u00e9 empecilho para continuar trabalhando, planejando e realizando sonhos. H\u00e1 30 anos \u00e0 frente da confec\u00e7\u00e3o de moda praia Vento Radical, no Guar\u00e1, com foco em plus e micro size \u2014 desenha, modela e costura todos os prot\u00f3tipos \u2014, ela acaba de inaugurar uma loja com o mesmo nome na Asa Norte e se prepara para mergulhar de cabe\u00e7a no mercado europeu. O primeiro alvo \u00e9 a agitad\u00edssima Ibiza, na Espanha, conhecida por suas praias paradis\u00edacas e fren\u00e9tica vida noturna.<\/p>\n<p><strong>Arrega\u00e7ando as mangas<br \/>\n<\/strong>Vice-presidente setorial da Federa\u00e7\u00e3o das Ind\u00fastrias do Distrito Federal (Fibra), Socorro Vale veio para Bras\u00edlia em 1971 com a fam\u00edlia, para assumir o cargo de escritur\u00e1ria no ent\u00e3o Minist\u00e9rio do Trabalho e Previd\u00eancia Social. Aposentou-se duas d\u00e9cadas depois e decidiu fazer o que mais gosta na vida: &#8220;pilotar uma m\u00e1quina de costura&#8221;. Nesse \u00ednterim, graduou-se em administra\u00e7\u00e3o de empresas. Depois, buscou cursos de especializa\u00e7\u00e3o no Servi\u00e7o Brasileiro de Apoio \u00e0s Micro e Pequenas Empresas (Sebrae) e se associou ao Sindicato das Ind\u00fastrias do Vestu\u00e1rio do Distrito Federal (Sindiveste-DF), e arrega\u00e7ou as mangas.<\/p>\n<p><strong>Apag\u00e3o de costureiras<br \/>\n<\/strong>Apesar do apag\u00e3o de costureiras que h\u00e1 mais de dez anos assombra o setor de confec\u00e7\u00f5es, Socorro Vale jamais desistiu de sua meta: incentivar e qualificar novos profissionais. &#8220;J\u00e1 tive mais de 50 funcion\u00e1rios, capacitei cada um deles&#8221;, afirma ela, que aprendeu o of\u00edcio com a m\u00e3e. Hoje, conta com apenas quatro colaboradoras na f\u00e1brica e uma vendedora na loja da 203 Norte. Com a retomada das vendas, a previs\u00e3o \u00e9 ampliar a produ\u00e7\u00e3o e promover novas contrata\u00e7\u00f5es. Ela revela ter iniciado todo o processo com capital de R$ 10 mil e, hoje, seu faturamento mensal gira em torno dos R$ 15 mil. Suas pe\u00e7as podem ser conferidas no Instagram, na p\u00e1gina <em>@ventoradicaloficial<\/em>.<\/p>\n<p><strong>Sempre de bem com a vida<br \/>\n<\/strong>Nascida na pequena S\u00e3o Bento, na Baixada Maranhense, Socorro Vale mudou-se, ainda menina, para S\u00e3o Luiz, onde passou a maior parte da inf\u00e2ncia &#8220;catando siri&#8221; nas praias de S\u00e3o Jos\u00e9 de Ribamar, durante as mar\u00e9s baixas. Na adolesc\u00eancia, fez o curso normal. Apaixonou-se por um paraense e foi morar em Bel\u00e9m, onde come\u00e7ou a lecionar em escolas p\u00fablicas. Teve tr\u00eas filhos e, antes de se estabelecer no Planalto Central, onde casou-se pela segunda vez, morou em Salvador e no Rio de Janeiro, Sempre questionada sobre o segredo de tanta vitalidade, responde sem titubear e com os olhos brilhando: &#8220;A idade n\u00e3o \u00e9 impedimento para nada, nunca foi pelo menos pra mim, que sempre vivi intensamente e nunca me furtei a fazer o bem sem olhar a quem&#8221;. De quebra, ela d\u00e1 a dica da suprema felicidade: uma ta\u00e7a de vinho todos os dias, depois do almo\u00e7o, alimenta\u00e7\u00e3o saud\u00e1vel, caminhada e, acima de tudo, bom humor e f\u00e9 na vida.<\/p>\n","protected":false},"excerpt":{"rendered":"<p> Socorro Vale \u00e9 prova cabal de que a idade avan\u00e7ada n\u00e3o \u00e9 empecilho para continuar trabalhando, planejando e realizando sonhos<\/p>\n","protected":false},"author":125,"featured_media":11610,"comment_status":"open","ping_status":"open","sticky":false,"template":"","format":"standard","meta":{"footnotes":""},"categories":[6],"tags":[71,55,1804,1802,1803],"class_list":["post-11609","post","type-post","status-publish","format-standard","has-post-thumbnail","hentry","category-coluna-capital-s-a","tag-fibra","tag-moda","tag-sindiveste","tag-socorro-vale","tag-vento-radical"],"_links":{"self":[{"href":"https:\/\/blogs.correiobraziliense.com.br\/capital-sa\/wp-json\/wp\/v2\/posts\/11609","targetHints":{"allow":["GET"]}}],"collection":[{"href":"https:\/\/blogs.correiobraziliense.com.br\/capital-sa\/wp-json\/wp\/v2\/posts"}],"about":[{"href":"https:\/\/blogs.correiobraziliense.com.br\/capital-sa\/wp-json\/wp\/v2\/types\/post"}],"author":[{"embeddable":true,"href":"https:\/\/blogs.correiobraziliense.com.br\/capital-sa\/wp-json\/wp\/v2\/users\/125"}],"replies":[{"embeddable":true,"href":"https:\/\/blogs.correiobraziliense.com.br\/capital-sa\/wp-json\/wp\/v2\/comments?post=11609"}],"version-history":[{"count":1,"href":"https:\/\/blogs.correiobraziliense.com.br\/capital-sa\/wp-json\/wp\/v2\/posts\/11609\/revisions"}],"predecessor-version":[{"id":11611,"href":"https:\/\/blogs.correiobraziliense.com.br\/capital-sa\/wp-json\/wp\/v2\/posts\/11609\/revisions\/11611"}],"wp:featuredmedia":[{"embeddable":true,"href":"https:\/\/blogs.correiobraziliense.com.br\/capital-sa\/wp-json\/wp\/v2\/media\/11610"}],"wp:attachment":[{"href":"https:\/\/blogs.correiobraziliense.com.br\/capital-sa\/wp-json\/wp\/v2\/media?parent=11609"}],"wp:term":[{"taxonomy":"category","embeddable":true,"href":"https:\/\/blogs.correiobraziliense.com.br\/capital-sa\/wp-json\/wp\/v2\/categories?post=11609"},{"taxonomy":"post_tag","embeddable":true,"href":"https:\/\/blogs.correiobraziliense.com.br\/capital-sa\/wp-json\/wp\/v2\/tags?post=11609"}],"curies":[{"name":"wp","href":"https:\/\/api.w.org\/{rel}","templated":true}]}}