{"id":11603,"date":"2023-02-02T07:40:36","date_gmt":"2023-02-02T10:40:36","guid":{"rendered":"https:\/\/blogs.correiobraziliense.com.br\/capital-sa\/?p=11603"},"modified":"2023-02-02T07:40:36","modified_gmt":"2023-02-02T10:40:36","slug":"a-celebracao-dos-brasis-faz-bem-a-economia-do-df","status":"publish","type":"post","link":"https:\/\/blogs.correiobraziliense.com.br\/capital-sa\/2023\/02\/02\/a-celebracao-dos-brasis-faz-bem-a-economia-do-df\/","title":{"rendered":"A celebra\u00e7\u00e3o dos brasis\u00a0faz bem \u00e0 economia do DF"},"content":{"rendered":"<p><strong>Coluna Capital S\/A, por Ana Dubeux (interina)<\/strong><\/p>\n<p>A capital da democracia cumpriu seu papel de anfitri\u00e3 de uma maneira comovente, com o envolvimento de v\u00e1rios setores. Lucio Costa e Oscar Niemeyer falavam dessa voca\u00e7\u00e3o de Bras\u00edlia para celebrar a democracia e ser representativa dos v\u00e1rios brasis. Tr\u00eas semanas depois de assistir a um dos momentos mais duros de sua hist\u00f3ria, com a invas\u00e3o de golpistas aos pr\u00e9dios que simbolizam os Tr\u00eas Poderes, a cidade pulsou com um ritual de afirma\u00e7\u00e3o da democracia. A Esplanada, vazia por quest\u00e3o de seguran\u00e7a, contrastou com <a href=\"https:\/\/www.correiobraziliense.com.br\/politica\/2023\/02\/5070777-parlamentares-celebram-em-brasilia-a-reeleicao-de-lira-e-pacheco.html\"><strong>a agita\u00e7\u00e3o nos bares, nos shoppings e nos restaurantes, cheios e em clima de festa<\/strong><\/a>. Foi um dia de posses dos senadores e deputados, de elei\u00e7\u00e3o da presid\u00eancia das duas Casas, de reabertura do Judici\u00e1rio. Em vez de abalar, a a\u00e7\u00e3o dos v\u00e2ndalos acendeu a dignidade do Judici\u00e1rio. Foi emocionante ver o plen\u00e1rio do STF, renascido das ru\u00ednas provocada pelos v\u00e2ndalos, sediar a primeira sess\u00e3o do ano, sob o compromisso de fortalecer a democracia.<\/p>\n<p>Segundo o presidente do Sindhobar, Jael Silva, o movimento nos bares e restaurantes de Bras\u00edlia registrou aumento significativo ao longo da semana, em fun\u00e7\u00e3o dos marcos da democracia. A estimativa \u00e9 de 40% de aumento de fluxo de clientes e cerca de 30% de faturamento. J\u00e1 o setor hoteleiro, registrou 70% a 75% de ocupa\u00e7\u00e3o, quando a m\u00e9dia corriqueira, nesta \u00e9poca do ano, \u00e9 de 50% e 55%. &#8220;Nos meses de janeiro e fevereiro, que tradicionalmente s\u00e3o os piores para o nosso setor, \u00e9 realmente um alento essa movimenta\u00e7\u00e3o especial e a esperan\u00e7a que 2023 possa ser melhor do que o ano passado&#8221;, destaca Jael.<\/p>\n<p>As posses de 27 senadores e de 513 deputados federais tiveram reflexos tamb\u00e9m no com\u00e9rcio varejista do DF. Desde a \u00faltima segunda-feira, a procura por vestidos, ternos, camisas sociais, meias e gravatas em lojas especializadas subiu 3%. O percentual \u00e9 comparado com o movimento da semana entre 22 e 28 de janeiro. As informa\u00e7\u00f5es s\u00e3o do Sindicato do Com\u00e9rcio Varejista (Sindivarejista). &#8220;As solenidades s\u00e3o \u00f3timas para a economia, porque movimentam consider\u00e1vel parte do com\u00e9rcio, o que contribui positivamente para a gera\u00e7\u00e3o de renda e manuten\u00e7\u00e3o de empregos&#8221;, explica o presidente da entidade, Sebasti\u00e3o Abritta. Foi um dia da cidade democr\u00e1tica, diversa, vibrante e alegre que os criadores de Bras\u00edlia imaginaram.<\/p>\n<p><strong>O fregu\u00eas tem sempre raz\u00e3o<br \/>\n<\/strong>O experiente e profissional staff da Trattoria Da Rosario, antes de dar in\u00edcio \u00e0 abertura de garrafas de vinho e preparo de baldes de gelo na noite de ontem, teve mesmo de fazer for\u00e7a f\u00edsica. Carregando mesas e cadeiras de um ambiente a outro, tudo para preparar os lugares das reservas do jantar de comemora\u00e7\u00e3o pela abertura do ano legislativo e da posse de parlamentares. &#8220;Pediram reserva para 10, depois para 20, \u00e0 noitinha, pediram 40&#8221;, se desespera o chef Rosario Tessier, avisado, \u00e0 noite, que viriam os novos deputados acompanhados pelas mulheres e trazidos pelos colegas, a maioria cliente da casa.<\/p>\n<h3>Invent\u00e1rio das pedras portuguesas<\/h3>\n<p>A Secretaria de Cultura contratou um arquiteto do Mato Grosso para radiografar, por meio de um drone, toda a Pra\u00e7a dos Tr\u00eas Poderes. Trata-se de um projeto de restauro do espa\u00e7o que j\u00e1 vinha sendo pensado desde de mar\u00e7o de 2022, e que agora ganhou for\u00e7a depois das invas\u00f5es de 8 de janeiro.<\/p>\n<p>A t\u00e9cnica\/tecnologia se chama Metamodelagem, que consiste em fazer um invent\u00e1rio visual das pedras, dando mais precis\u00e3o ao processo de restauro do lugar. O mapeamento ser\u00e1 feito hoje, entre \u00e0s 10h e 14h.<\/p>\n<p><strong>Turismo em alta<br \/>\n<\/strong>O colegiado de secret\u00e1rios dirigentes estaduais de Turismo \u2014 entre eles Cristiano Ara\u00fajo, do DF, \u2014 re\u00fane-se no Centro de Conven\u00e7\u00f5es Ulysses Guimar\u00e3es, na segunda-feira \u00e0 tarde. Depois do encontro, o grupo participa de jantar na Torre Digital.<\/p>\n<p><strong>Posse da Conplan<br \/>\n<\/strong>A nova composi\u00e7\u00e3o do Conselho de Planejamento Territorial e Urbano do DF ser\u00e1 empossada hoje, \u00e0s 9h, no audit\u00f3rio da Seduh. Jos\u00e9 Humberto Pires apresentar\u00e1 o plano de metas do GDF para a gest\u00e3o at\u00e9 2026. Entre as medidas relevantes debatidas no Conselho est\u00e3o a Luos, o PPCUB e a amplia\u00e7\u00e3o de atividades comerciais no SCS.<\/p>\n<p><strong>Sociedade civil<br \/>\n<\/strong>Dos 34 conselheiros do Conplan, 17 representam a sociedade civil, como Fecom\u00e9rcio, Fibra, CAU, OAB, IAB, Crea. O presidente em exerc\u00edcio do Conselho \u00e9 o secret\u00e1rio de Desenvolvimento Urbano e Habita\u00e7\u00e3o, Mateus Oliveira. Diversos secret\u00e1rios de Estado tamb\u00e9m integram o grupo, como os de Cultura, de Obras, do Meio Ambiente entre outros.<\/p>\n<p><strong>Participa\u00e7\u00e3o do Minist\u00e9rio P\u00fablico<br \/>\n<\/strong>O promotor Defesa da Ordem Urban\u00edstica (Prourb) e coordenador da Rede Urbanidade Denio Augusto de Oliveira participa da posse no Conplan como convidado especial. Ele far\u00e1 apresenta\u00e7\u00e3o da Revista Urbanidade, lan\u00e7ada ontem pelo MPDFT.<\/p>\n","protected":false},"excerpt":{"rendered":"<p> Tr\u00eas semanas depois da invas\u00e3o de golpistas aos pr\u00e9dios que simbolizam os Tr\u00eas Poderes, a cidade pulsou com um ritual de afirma\u00e7\u00e3o da democracia<\/p>\n","protected":false},"author":125,"featured_media":11604,"comment_status":"open","ping_status":"open","sticky":false,"template":"","format":"standard","meta":{"footnotes":""},"categories":[6],"tags":[206,333,1799,56],"class_list":["post-11603","post","type-post","status-publish","format-standard","has-post-thumbnail","hentry","category-coluna-capital-s-a","tag-sindhobar","tag-turismo","tag-conplan","tag-sindivarejista"],"_links":{"self":[{"href":"https:\/\/blogs.correiobraziliense.com.br\/capital-sa\/wp-json\/wp\/v2\/posts\/11603","targetHints":{"allow":["GET"]}}],"collection":[{"href":"https:\/\/blogs.correiobraziliense.com.br\/capital-sa\/wp-json\/wp\/v2\/posts"}],"about":[{"href":"https:\/\/blogs.correiobraziliense.com.br\/capital-sa\/wp-json\/wp\/v2\/types\/post"}],"author":[{"embeddable":true,"href":"https:\/\/blogs.correiobraziliense.com.br\/capital-sa\/wp-json\/wp\/v2\/users\/125"}],"replies":[{"embeddable":true,"href":"https:\/\/blogs.correiobraziliense.com.br\/capital-sa\/wp-json\/wp\/v2\/comments?post=11603"}],"version-history":[{"count":1,"href":"https:\/\/blogs.correiobraziliense.com.br\/capital-sa\/wp-json\/wp\/v2\/posts\/11603\/revisions"}],"predecessor-version":[{"id":11605,"href":"https:\/\/blogs.correiobraziliense.com.br\/capital-sa\/wp-json\/wp\/v2\/posts\/11603\/revisions\/11605"}],"wp:featuredmedia":[{"embeddable":true,"href":"https:\/\/blogs.correiobraziliense.com.br\/capital-sa\/wp-json\/wp\/v2\/media\/11604"}],"wp:attachment":[{"href":"https:\/\/blogs.correiobraziliense.com.br\/capital-sa\/wp-json\/wp\/v2\/media?parent=11603"}],"wp:term":[{"taxonomy":"category","embeddable":true,"href":"https:\/\/blogs.correiobraziliense.com.br\/capital-sa\/wp-json\/wp\/v2\/categories?post=11603"},{"taxonomy":"post_tag","embeddable":true,"href":"https:\/\/blogs.correiobraziliense.com.br\/capital-sa\/wp-json\/wp\/v2\/tags?post=11603"}],"curies":[{"name":"wp","href":"https:\/\/api.w.org\/{rel}","templated":true}]}}