{"id":1160,"date":"2020-12-29T08:05:35","date_gmt":"2020-12-29T11:05:35","guid":{"rendered":"https:\/\/blogs.correiobraziliense.com.br\/capital-sa\/?p=1160"},"modified":"2020-12-28T22:13:35","modified_gmt":"2020-12-29T01:13:35","slug":"expectativas-para-2021","status":"publish","type":"post","link":"https:\/\/blogs.correiobraziliense.com.br\/capital-sa\/2020\/12\/29\/expectativas-para-2021\/","title":{"rendered":"Expectativas para 2021"},"content":{"rendered":"<blockquote><p><img loading=\"lazy\" decoding=\"async\" class=\"aligncenter size-medium wp-image-1161\" src=\"https:\/\/blogs.correiobraziliense.com.br\/capital-sa\/wp-content\/uploads\/sites\/59\/2020\/12\/fm-300x262.jpg\" alt=\"\" width=\"300\" height=\"262\" srcset=\"https:\/\/blogs.correiobraziliense.com.br\/capital-sa\/wp-content\/uploads\/sites\/59\/2020\/12\/fm-300x262.jpg 300w, https:\/\/blogs.correiobraziliense.com.br\/capital-sa\/wp-content\/uploads\/sites\/59\/2020\/12\/fm-230x201.jpg 230w, https:\/\/blogs.correiobraziliense.com.br\/capital-sa\/wp-content\/uploads\/sites\/59\/2020\/12\/fm.jpg 543w\" sizes=\"auto, (max-width: 300px) 100vw, 300px\" \/><\/p>\n<p>&#8220;Este ano, os empres\u00e1rios se superaram. Venceram aqueles que tiveram criatividade. Houve um grande empenho do sistema Fecom\u00e9rcio-DF para apoiar nossos associados no momento de crise. E continuaremos ainda mais em 2021. Ser\u00e1 o ano para recuperarmos o tempo perdido e buscarmos o que deixamos para tr\u00e1s&#8221;, <strong>Francisco Maia<\/strong>, presidente da Fecom\u00e9rcio DF<\/p>\n<p>&nbsp;<\/p><\/blockquote>\n<p>&nbsp;<\/p>\n<blockquote><p><img loading=\"lazy\" decoding=\"async\" class=\"aligncenter size-medium wp-image-1162\" src=\"https:\/\/blogs.correiobraziliense.com.br\/capital-sa\/wp-content\/uploads\/sites\/59\/2020\/12\/be-200x300.jpg\" alt=\"\" width=\"200\" height=\"300\" srcset=\"https:\/\/blogs.correiobraziliense.com.br\/capital-sa\/wp-content\/uploads\/sites\/59\/2020\/12\/be-200x300.jpg 200w, https:\/\/blogs.correiobraziliense.com.br\/capital-sa\/wp-content\/uploads\/sites\/59\/2020\/12\/be-768x1152.jpg 768w, https:\/\/blogs.correiobraziliense.com.br\/capital-sa\/wp-content\/uploads\/sites\/59\/2020\/12\/be-682x1024.jpg 682w, https:\/\/blogs.correiobraziliense.com.br\/capital-sa\/wp-content\/uploads\/sites\/59\/2020\/12\/be-800x1200.jpg 800w, https:\/\/blogs.correiobraziliense.com.br\/capital-sa\/wp-content\/uploads\/sites\/59\/2020\/12\/be-550x825.jpg 550w, https:\/\/blogs.correiobraziliense.com.br\/capital-sa\/wp-content\/uploads\/sites\/59\/2020\/12\/be-230x345.jpg 230w, https:\/\/blogs.correiobraziliense.com.br\/capital-sa\/wp-content\/uploads\/sites\/59\/2020\/12\/be.jpg 853w\" sizes=\"auto, (max-width: 200px) 100vw, 200px\" \/><br \/>\n&#8220;Na hora da dificuldade, temos a oportunidade de aprender, amadurecer e se reinventar. Em 2020, despertou um clima de empatia e contribui\u00e7\u00e3o com o pr\u00f3ximo. Espero que em 2021 possamos ser mais assertivos e mais humanos. Desejo muita sa\u00fade, paz e prosperidade para todos!\u201d<br \/>\n<strong>Beto Pinheiro<\/strong>, presidente Abrasel-DF<\/p><\/blockquote>\n<p>&nbsp;<\/p>\n<p>&nbsp;<\/p>\n<blockquote><p><img loading=\"lazy\" decoding=\"async\" class=\"aligncenter size-medium wp-image-1164\" src=\"https:\/\/blogs.correiobraziliense.com.br\/capital-sa\/wp-content\/uploads\/sites\/59\/2020\/12\/h-8-238x300.jpg\" alt=\"\" width=\"238\" height=\"300\" srcset=\"https:\/\/blogs.correiobraziliense.com.br\/capital-sa\/wp-content\/uploads\/sites\/59\/2020\/12\/h-8-238x300.jpg 238w, https:\/\/blogs.correiobraziliense.com.br\/capital-sa\/wp-content\/uploads\/sites\/59\/2020\/12\/h-8-230x290.jpg 230w, https:\/\/blogs.correiobraziliense.com.br\/capital-sa\/wp-content\/uploads\/sites\/59\/2020\/12\/h-8.jpg 400w\" sizes=\"auto, (max-width: 238px) 100vw, 238px\" \/><\/p>\n<p>\u201c2020 foi um ano que nos proporcionou oportunidades incr\u00edveis de voltar nossos olhos para a fam\u00edlia, maior projeto de Deus para nossas vidas, e de repensarmos como estamos cuidando de nossa sa\u00fade, pais, irm\u00e3os, filhos, amigos, espiritualidades e crescimento profissional e t\u00e9cnico. Quem foi s\u00e1bio aproveitou muito! Em 2021, colheremos todos os frutos que plantamos este ano!\u201d<br \/>\n<strong>Francisco Caputo<\/strong>, s\u00f3cio do escrit\u00f3rio Caputo Bastos, conselheiro federal da OAB<\/p><\/blockquote>\n","protected":false},"excerpt":{"rendered":"<p>&#8220;Este ano, os empres\u00e1rios se superaram. Venceram aqueles que tiveram criatividade. Houve um grande empenho do sistema Fecom\u00e9rcio-DF para apoiar nossos associados no momento de crise. E continuaremos ainda mais em 2021. Ser\u00e1 o ano para recuperarmos o tempo perdido e buscarmos o que deixamos para tr\u00e1s&#8221;, Francisco Maia, presidente da Fecom\u00e9rcio DF &nbsp; &nbsp; &#8220;Na hora da dificuldade, temos [&hellip;]<\/p>\n","protected":false},"author":125,"featured_media":0,"comment_status":"open","ping_status":"open","sticky":false,"template":"","format":"standard","meta":{"footnotes":""},"categories":[6],"tags":[],"class_list":["post-1160","post","type-post","status-publish","format-standard","hentry","category-coluna-capital-s-a"],"_links":{"self":[{"href":"https:\/\/blogs.correiobraziliense.com.br\/capital-sa\/wp-json\/wp\/v2\/posts\/1160","targetHints":{"allow":["GET"]}}],"collection":[{"href":"https:\/\/blogs.correiobraziliense.com.br\/capital-sa\/wp-json\/wp\/v2\/posts"}],"about":[{"href":"https:\/\/blogs.correiobraziliense.com.br\/capital-sa\/wp-json\/wp\/v2\/types\/post"}],"author":[{"embeddable":true,"href":"https:\/\/blogs.correiobraziliense.com.br\/capital-sa\/wp-json\/wp\/v2\/users\/125"}],"replies":[{"embeddable":true,"href":"https:\/\/blogs.correiobraziliense.com.br\/capital-sa\/wp-json\/wp\/v2\/comments?post=1160"}],"version-history":[{"count":4,"href":"https:\/\/blogs.correiobraziliense.com.br\/capital-sa\/wp-json\/wp\/v2\/posts\/1160\/revisions"}],"predecessor-version":[{"id":1168,"href":"https:\/\/blogs.correiobraziliense.com.br\/capital-sa\/wp-json\/wp\/v2\/posts\/1160\/revisions\/1168"}],"wp:attachment":[{"href":"https:\/\/blogs.correiobraziliense.com.br\/capital-sa\/wp-json\/wp\/v2\/media?parent=1160"}],"wp:term":[{"taxonomy":"category","embeddable":true,"href":"https:\/\/blogs.correiobraziliense.com.br\/capital-sa\/wp-json\/wp\/v2\/categories?post=1160"},{"taxonomy":"post_tag","embeddable":true,"href":"https:\/\/blogs.correiobraziliense.com.br\/capital-sa\/wp-json\/wp\/v2\/tags?post=1160"}],"curies":[{"name":"wp","href":"https:\/\/api.w.org\/{rel}","templated":true}]}}