{"id":11589,"date":"2023-01-30T06:46:08","date_gmt":"2023-01-30T09:46:08","guid":{"rendered":"https:\/\/blogs.correiobraziliense.com.br\/capital-sa\/?p=11589"},"modified":"2023-01-31T10:28:57","modified_gmt":"2023-01-31T13:28:57","slug":"hip-hop-pode-virar-patrimonio-cultural-do-df","status":"publish","type":"post","link":"https:\/\/blogs.correiobraziliense.com.br\/capital-sa\/2023\/01\/30\/hip-hop-pode-virar-patrimonio-cultural-do-df\/","title":{"rendered":"Hip hop pode virar patrim\u00f4nio cultural do DF"},"content":{"rendered":"<p><strong>Coluna Capital S\/A, por Ana Dubeux (interina)<\/strong><\/p>\n<p>&#8220;Mais de 500 mil\/ E pra eles somos lixo\/ Lutando pra sobreviver\/ e tratados como bichos&#8221;, grita X do C\u00e2mbio Negro na can\u00e7\u00e3o <em>Revanche do Gueto<\/em>. Com a crise na educa\u00e7\u00e3o, a cultura hip hop funcionou, para muitos jovens da periferia, como uma escola de express\u00e3o dos sentimentos, da indigna\u00e7\u00e3o, da luta pelos direitos e da propaga\u00e7\u00e3o de uma consci\u00eancia social.<\/p>\n<p>O deputado distrital Max Maciel (PSol) \u00e9 um dos jovens que se formaram e se salvaram pelos valores do rap. Por isso, ele protocolou projeto de lei para que o hip hop seja reconhecido como patrim\u00f4nio cultural imaterial do DF. Al\u00e9m disso, o parlamentar quer criar a semana distrital para a manifesta\u00e7\u00e3o dos artistas e o debate sobre o tema.<\/p>\n<p>Com isso, ser\u00e1 poss\u00edvel abrir a possibilidade de as escolas da rede p\u00fablica e as unidades de interna\u00e7\u00e3o de menores realizarem atividades criativas relacionadas \u00e0 cultura do hip hop. Para o rapper Jap\u00e3o, morador de Ceil\u00e2ndia, um dos nomes de destaque da cena brasiliense, com mais de 30 anos de carreira, o hip hop transcende a simples manifesta\u00e7\u00e3o cultural. &#8220;O hip hop sempre foi uma linha direta de forma\u00e7\u00e3o sociocultural. A cultura hip hop \u00e9 bem mais que uma express\u00e3o meramente art\u00edstica, substitui, em v\u00e1rios momentos, as a\u00e7\u00f5es sociais oferecidas pelo Estado.&#8221;<\/p>\n","protected":false},"excerpt":{"rendered":"<p>Com a crise na educa\u00e7\u00e3o, a cultura hip hop funcionou, para muitos jovens da periferia, como uma escola de express\u00e3o dos sentimentos<\/p>\n","protected":false},"author":125,"featured_media":11591,"comment_status":"open","ping_status":"open","sticky":false,"template":"","format":"standard","meta":{"footnotes":""},"categories":[6],"tags":[1794,1795,1797,1796],"class_list":["post-11589","post","type-post","status-publish","format-standard","has-post-thumbnail","hentry","category-coluna-capital-s-a","tag-cambio-negro","tag-hip-hop","tag-japao","tag-max-maciel"],"_links":{"self":[{"href":"https:\/\/blogs.correiobraziliense.com.br\/capital-sa\/wp-json\/wp\/v2\/posts\/11589","targetHints":{"allow":["GET"]}}],"collection":[{"href":"https:\/\/blogs.correiobraziliense.com.br\/capital-sa\/wp-json\/wp\/v2\/posts"}],"about":[{"href":"https:\/\/blogs.correiobraziliense.com.br\/capital-sa\/wp-json\/wp\/v2\/types\/post"}],"author":[{"embeddable":true,"href":"https:\/\/blogs.correiobraziliense.com.br\/capital-sa\/wp-json\/wp\/v2\/users\/125"}],"replies":[{"embeddable":true,"href":"https:\/\/blogs.correiobraziliense.com.br\/capital-sa\/wp-json\/wp\/v2\/comments?post=11589"}],"version-history":[{"count":2,"href":"https:\/\/blogs.correiobraziliense.com.br\/capital-sa\/wp-json\/wp\/v2\/posts\/11589\/revisions"}],"predecessor-version":[{"id":11593,"href":"https:\/\/blogs.correiobraziliense.com.br\/capital-sa\/wp-json\/wp\/v2\/posts\/11589\/revisions\/11593"}],"wp:featuredmedia":[{"embeddable":true,"href":"https:\/\/blogs.correiobraziliense.com.br\/capital-sa\/wp-json\/wp\/v2\/media\/11591"}],"wp:attachment":[{"href":"https:\/\/blogs.correiobraziliense.com.br\/capital-sa\/wp-json\/wp\/v2\/media?parent=11589"}],"wp:term":[{"taxonomy":"category","embeddable":true,"href":"https:\/\/blogs.correiobraziliense.com.br\/capital-sa\/wp-json\/wp\/v2\/categories?post=11589"},{"taxonomy":"post_tag","embeddable":true,"href":"https:\/\/blogs.correiobraziliense.com.br\/capital-sa\/wp-json\/wp\/v2\/tags?post=11589"}],"curies":[{"name":"wp","href":"https:\/\/api.w.org\/{rel}","templated":true}]}}