{"id":11586,"date":"2023-01-30T06:18:27","date_gmt":"2023-01-30T09:18:27","guid":{"rendered":"https:\/\/blogs.correiobraziliense.com.br\/capital-sa\/?p=11586"},"modified":"2023-01-29T23:39:06","modified_gmt":"2023-01-30T02:39:06","slug":"as-mulheres-e-os-direitos-humanos-no-ambiente-de-trabalho","status":"publish","type":"post","link":"https:\/\/blogs.correiobraziliense.com.br\/capital-sa\/2023\/01\/30\/as-mulheres-e-os-direitos-humanos-no-ambiente-de-trabalho\/","title":{"rendered":"As mulheres e os direitos humanos no ambiente de trabalho"},"content":{"rendered":"<p><strong>Coluna Capital S\/A, por Ana Dubeux (interina)<\/strong><\/p>\n<p>Como tornar o ambiente de trabalho um local seguro e agrad\u00e1vel para as mulheres? Esse \u00e9 um dos desafios que 29 pesquisadoras de universidades brasileiras enfrentaram ao avaliar a presen\u00e7a feminina no espa\u00e7o corporativo. Os estudos foram publicados no livro <em>Mulheres, direitos humanos e empresas<\/em> (editora Almedina Brasil). O ambiente de trabalho pode gerar grave risco para a sobreviv\u00eancia, a seguran\u00e7a e a integridade das mulheres, constatam as pesquisadoras.<\/p>\n<p>Melina Girardi Fachin, doutora em direito constitucional e uma das coordenadoras do projeto, aponta tr\u00eas grandes raz\u00f5es para a import\u00e2ncia do olhar feminino na quest\u00e3o empresarial. A primeira \u00e9 uma quest\u00e3o num\u00e9rica. &#8220;N\u00f3s somos mais da metade da popula\u00e7\u00e3o. Ent\u00e3o, \u00e9 fundamental que a gente seja representada tamb\u00e9m nesses espa\u00e7os de poder&#8221;, argumenta. A segunda raz\u00e3o n\u00e3o \u00e9 apenas \u00e9tica, mas tamb\u00e9m legal. &#8220;A igualdade de g\u00eanero faz parte dos princ\u00edpios orientadores de empresas e direitos humanos adotados pela ONU em 2011&#8221;, lembra Fachin. E o terceiro motivo \u00e9 econ\u00f4mico. &#8220;\u00c9 economicamente lucrativo para as empresas (ter mais mulheres). Cada vez mais pesquisas mostram como as lideran\u00e7as femininas tamb\u00e9m se convertem em bons resultados econ\u00f4micos&#8221;, conclui.<\/p>\n<p>O ambiente empresarial \u00e9 predominantemente masculino. As mulheres que ocupam a mesma fun\u00e7\u00e3o que os homens recebem, em m\u00e9dia, 30% a menos no fim do m\u00eas. &#8220;Eu diria que o principal desafio para as mulheres \u00e9 romper essa barreira de g\u00eanero, que ainda \u00e9 significativa. Adentrar nos espa\u00e7os sem serem estereotipadas&#8221;, aponta Melina Fachin.<\/p>\n<h3>Defesa permanente<\/h3>\n<p>O E<em>ntre os Eixos do DF<\/em>, evento realizado hoje (30\/1) pelo <strong>Correio Braziliense<\/strong>, ser\u00e1 o primeiro de uma s\u00e9rie de encontros previstos para unificar o discurso em defesa de Bras\u00edlia. Ap\u00f3s a trag\u00e9dia terrorista ocorrida em 8 de janeiro, \u00e9 mais do que chegada a hora de resgatar os princ\u00edpios da capital federal, estabelecidos por seu fundador. Como disse Juscelino Kubitschek, \u00e9 deste Planalto Central que irradiam a f\u00e9 e a confian\u00e7a no destino do pa\u00eds.<\/p>\n<p><strong>Defasagem<br \/>\n<\/strong>Uma bolsa de mestrado em universidades p\u00fablicas custa R$ 1.500, mas deveria ser R$ 2.636, caso a infla\u00e7\u00e3o dos \u00faltimos nove anos fosse reposta. Os estudantes recebem bolsa de doutorado de R$ 2.200, mas seria de R$ 3.867, pelo mesmo crit\u00e9rio. O levantamento \u00e9 da Associa\u00e7\u00e3o Nacional dos P\u00f3s-Graduandos (ANPG). O governo Lula promete reajustar.<\/p>\n<p><strong>S\u00f3 sei que foi assim\u2026<br \/>\n<\/strong>Fiel aos ideais do mestre das Artes Ariano Suassuna, o Movimento Armorial 50 anos \u00e9 sin\u00f4nimo de sucesso por onde passa. Depois das exposi\u00e7\u00f5es em S\u00e3o Paulo, Rio, Belo Horizonte e Bras\u00edlia, o projeto concebido pela produtora cultural Regina Rosa foi selecionado pelo Programa Petrobras Cultural. As temporadas ser\u00e3o em Campina Grande (PB) e no Recife, onde o movimento surgiu na d\u00e9cada de 1970. A curadora da mostra \u00e9 Denise Mattar.<\/p>\n<p><strong>Acordo hist\u00f3rico<br \/>\n<\/strong>Depois de participar de confer\u00eancias sobre a democracia brasileira, em cidades italianas, o desembargador Souza Prudente, do TRF 1, fechou um acordo hist\u00f3rico entre a Escola Superior da Magistratura Federal (Esmaf) do Brasil e a Universidade de Siena. A parceria garantir\u00e1 a forma\u00e7\u00e3o cultural continuada dos magistrados em \u00e1reas de meio ambiente sustent\u00e1vel e direitos humanos. Em 24 de fevereiro, Prudente dar\u00e1 palestra no Congresso Internacional de Direito Ambiental Contempor\u00e2neo, em Salamanca, na Espanha. O tema da palestra \u00e9 &#8220;Ecoc\u00eddio do completo hidroel\u00e9trico de Belo Monte no contexto da agenda da ONU para o desenvolvimento sustent\u00e1vel do mil\u00eanio&#8221;.<\/p>\n<p><strong>77,2%<\/strong><br \/>\nFoi o incremento de vendas registrado pela Seguros Unimed nos segmentos Sa\u00fade e Odontol\u00f3gico em Bras\u00edlia, no acumulado de janeiro a novembro de 2022. Na capital federal, a empresa tem 40 mil beneficiados.<\/p>\n","protected":false},"excerpt":{"rendered":"<p>Coluna Capital S\/A, por Ana Dubeux (interina) Como tornar o ambiente de trabalho um local seguro e agrad\u00e1vel para as mulheres? Esse \u00e9 um dos desafios que 29 pesquisadoras de universidades brasileiras enfrentaram ao avaliar a presen\u00e7a feminina no espa\u00e7o corporativo. Os estudos foram publicados no livro Mulheres, direitos humanos e empresas (editora Almedina Brasil). O ambiente de trabalho pode [&hellip;]<\/p>\n","protected":false},"author":57,"featured_media":11587,"comment_status":"open","ping_status":"open","sticky":false,"template":"","format":"standard","meta":{"footnotes":""},"categories":[6],"tags":[1793,1785],"class_list":["post-11586","post","type-post","status-publish","format-standard","has-post-thumbnail","hentry","category-coluna-capital-s-a","tag-entre-os-eixos-do-df","tag-mercado-de-trabalho"],"_links":{"self":[{"href":"https:\/\/blogs.correiobraziliense.com.br\/capital-sa\/wp-json\/wp\/v2\/posts\/11586","targetHints":{"allow":["GET"]}}],"collection":[{"href":"https:\/\/blogs.correiobraziliense.com.br\/capital-sa\/wp-json\/wp\/v2\/posts"}],"about":[{"href":"https:\/\/blogs.correiobraziliense.com.br\/capital-sa\/wp-json\/wp\/v2\/types\/post"}],"author":[{"embeddable":true,"href":"https:\/\/blogs.correiobraziliense.com.br\/capital-sa\/wp-json\/wp\/v2\/users\/57"}],"replies":[{"embeddable":true,"href":"https:\/\/blogs.correiobraziliense.com.br\/capital-sa\/wp-json\/wp\/v2\/comments?post=11586"}],"version-history":[{"count":1,"href":"https:\/\/blogs.correiobraziliense.com.br\/capital-sa\/wp-json\/wp\/v2\/posts\/11586\/revisions"}],"predecessor-version":[{"id":11588,"href":"https:\/\/blogs.correiobraziliense.com.br\/capital-sa\/wp-json\/wp\/v2\/posts\/11586\/revisions\/11588"}],"wp:featuredmedia":[{"embeddable":true,"href":"https:\/\/blogs.correiobraziliense.com.br\/capital-sa\/wp-json\/wp\/v2\/media\/11587"}],"wp:attachment":[{"href":"https:\/\/blogs.correiobraziliense.com.br\/capital-sa\/wp-json\/wp\/v2\/media?parent=11586"}],"wp:term":[{"taxonomy":"category","embeddable":true,"href":"https:\/\/blogs.correiobraziliense.com.br\/capital-sa\/wp-json\/wp\/v2\/categories?post=11586"},{"taxonomy":"post_tag","embeddable":true,"href":"https:\/\/blogs.correiobraziliense.com.br\/capital-sa\/wp-json\/wp\/v2\/tags?post=11586"}],"curies":[{"name":"wp","href":"https:\/\/api.w.org\/{rel}","templated":true}]}}