{"id":11574,"date":"2023-01-25T07:39:50","date_gmt":"2023-01-25T10:39:50","guid":{"rendered":"https:\/\/blogs.correiobraziliense.com.br\/capital-sa\/?p=11574"},"modified":"2023-01-25T07:41:16","modified_gmt":"2023-01-25T10:41:16","slug":"a-insustentavel-regulacao-dos-aplicativos","status":"publish","type":"post","link":"https:\/\/blogs.correiobraziliense.com.br\/capital-sa\/2023\/01\/25\/a-insustentavel-regulacao-dos-aplicativos\/","title":{"rendered":"A insustent\u00e1vel regula\u00e7\u00e3o dos aplicativos"},"content":{"rendered":"<p><strong>Coluna Capital S\/A, por Ana Dubeux (interina)<\/strong><\/p>\n<p>A <a href=\"https:\/\/www.correiobraziliense.com.br\/euestudante\/trabalho-e-formacao\/2023\/01\/5067055-ministerio-do-trabalho-quer-regulamentar-trabalhadores-por-aplicativo.html\"><strong>regulamenta\u00e7\u00e3o do mercado de trabalho por aplicativo<\/strong><\/a> ainda vai dar muito o que falar, especialmente com o novo governo sinalizando que far\u00e1 mudan\u00e7as, tanto na reforma trabalhista quanto na regulamenta\u00e7\u00e3o dos entregadores. N\u00e3o \u00e0 toa, empresas de entregas, como o Ifood \u2014 l\u00edder do setor no pa\u00eds \u2014 que tem nada menos do que 30 mil entregadores apenas no DF, est\u00e3o se mobilizando para participar das discuss\u00f5es junto ao governo e aos parlamentares. Uma das mensagens que tentam passar aos interlocutores do governo \u00e9 que a CLT e o Microempreendedor Individual (MEI) n\u00e3o funcionam para esses profissionais, que trabalham para mais de um CNPJ, fazem seu pr\u00f3prio hor\u00e1rio de trabalho e conseguem tirar mais do que um sal\u00e1rio m\u00ednimo por m\u00eas.<\/p>\n<p>Por parte da legi\u00e3o de entregadores, o que se sabe \u00e9 que eles, al\u00e9m de numerosos, n\u00e3o atendem ao comando de sindicatos ou associa\u00e7\u00f5es. De perfil variad\u00edssimo, o trabalhador desse setor se conecta e se manifesta por meio dos chamados influenciadores de comunidades e redes sociais.<\/p>\n","protected":false},"excerpt":{"rendered":"<p>Novo governo federal sinaliza que far\u00e1 mudan\u00e7as na reforma trabalhista e na regulamenta\u00e7\u00e3o dos entregadores por aplicativo<\/p>\n","protected":false},"author":125,"featured_media":11576,"comment_status":"open","ping_status":"open","sticky":false,"template":"","format":"standard","meta":{"footnotes":""},"categories":[6],"tags":[551,1785],"class_list":["post-11574","post","type-post","status-publish","format-standard","has-post-thumbnail","hentry","category-coluna-capital-s-a","tag-aplicativos","tag-mercado-de-trabalho"],"_links":{"self":[{"href":"https:\/\/blogs.correiobraziliense.com.br\/capital-sa\/wp-json\/wp\/v2\/posts\/11574","targetHints":{"allow":["GET"]}}],"collection":[{"href":"https:\/\/blogs.correiobraziliense.com.br\/capital-sa\/wp-json\/wp\/v2\/posts"}],"about":[{"href":"https:\/\/blogs.correiobraziliense.com.br\/capital-sa\/wp-json\/wp\/v2\/types\/post"}],"author":[{"embeddable":true,"href":"https:\/\/blogs.correiobraziliense.com.br\/capital-sa\/wp-json\/wp\/v2\/users\/125"}],"replies":[{"embeddable":true,"href":"https:\/\/blogs.correiobraziliense.com.br\/capital-sa\/wp-json\/wp\/v2\/comments?post=11574"}],"version-history":[{"count":1,"href":"https:\/\/blogs.correiobraziliense.com.br\/capital-sa\/wp-json\/wp\/v2\/posts\/11574\/revisions"}],"predecessor-version":[{"id":11575,"href":"https:\/\/blogs.correiobraziliense.com.br\/capital-sa\/wp-json\/wp\/v2\/posts\/11574\/revisions\/11575"}],"wp:featuredmedia":[{"embeddable":true,"href":"https:\/\/blogs.correiobraziliense.com.br\/capital-sa\/wp-json\/wp\/v2\/media\/11576"}],"wp:attachment":[{"href":"https:\/\/blogs.correiobraziliense.com.br\/capital-sa\/wp-json\/wp\/v2\/media?parent=11574"}],"wp:term":[{"taxonomy":"category","embeddable":true,"href":"https:\/\/blogs.correiobraziliense.com.br\/capital-sa\/wp-json\/wp\/v2\/categories?post=11574"},{"taxonomy":"post_tag","embeddable":true,"href":"https:\/\/blogs.correiobraziliense.com.br\/capital-sa\/wp-json\/wp\/v2\/tags?post=11574"}],"curies":[{"name":"wp","href":"https:\/\/api.w.org\/{rel}","templated":true}]}}