{"id":11565,"date":"2023-01-24T07:45:01","date_gmt":"2023-01-24T10:45:01","guid":{"rendered":"https:\/\/blogs.correiobraziliense.com.br\/capital-sa\/?p=11565"},"modified":"2023-01-24T07:45:01","modified_gmt":"2023-01-24T10:45:01","slug":"acougue-cor-de-rosa-e-atracao-no-cruzeiro","status":"publish","type":"post","link":"https:\/\/blogs.correiobraziliense.com.br\/capital-sa\/2023\/01\/24\/acougue-cor-de-rosa-e-atracao-no-cruzeiro\/","title":{"rendered":"A\u00e7ougue cor de rosa \u00e9 atra\u00e7\u00e3o no Cruzeiro"},"content":{"rendered":"<p><strong>Coluna Capital S\/A, por Ana Dubeux (interina)<\/strong><\/p>\n<p>Aos 26 anos, a empres\u00e1ria Ana Carla Guimar\u00e3es teve uma grande sacada: montar um a\u00e7ougue com atendimento diferenciado, que agradasse aos anseios do p\u00fablico, sobretudo o feminino, e oferecesse produtos de primeira. Juntou suas economias e contou com a ajuda da irm\u00e3 mais velha, Florisvalda \u2014 que lhe emprestou um talon\u00e1rio de cheque em branco \u2014, e foi \u00e0 luta. Come\u00e7ou a pesquisar equipamentos, alugou um pequeno quiosque de 17 metros quadrados na Feira Permanente do Cruzeiro e, com visual sempre impec\u00e1vel, arrega\u00e7ou as mangas. Nasceu, ent\u00e3o, em 2006, o a\u00e7ougue Ana Carla, junto com o &#8220;slogan&#8221; &#8220;quantas toneladas vai hoje?&#8221;, j\u00e1 conhecido dos clientes, que sempre acham gra\u00e7a da abordagem. &#8220;\u00c9 uma forma de descontrair a freguesia, de dar boas vindas de maneira diferente&#8221; diz ela. Hoje, seu estabelecimento atrai cada vez mais gente e a meta, revela ela \u00e9 transformar a ideia em franquia, com o lan\u00e7amento j\u00e1 previsto da marca Quantas Toneladas?. Al\u00e9m disso, a empreendedora planeja lan\u00e7ar no mercado, ainda neste ano, uma linha de produtos temperados exclusiva para preparo em Air Fryer.<\/p>\n<p><strong>Limpeza, organiza\u00e7\u00e3o e extenso mix de produtos<\/strong><\/p>\n<p><strong><a href=\"https:\/\/blogs.correiobraziliense.com.br\/capital-sa\/wp-content\/uploads\/sites\/59\/2023\/01\/acougue1.jpg\"><img loading=\"lazy\" decoding=\"async\" class=\"aligncenter size-full wp-image-11567\" src=\"https:\/\/blogs.correiobraziliense.com.br\/capital-sa\/wp-content\/uploads\/sites\/59\/2023\/01\/acougue1.jpg\" alt=\"\" width=\"1200\" height=\"1239\" srcset=\"https:\/\/blogs.correiobraziliense.com.br\/capital-sa\/wp-content\/uploads\/sites\/59\/2023\/01\/acougue1.jpg 1200w, https:\/\/blogs.correiobraziliense.com.br\/capital-sa\/wp-content\/uploads\/sites\/59\/2023\/01\/acougue1-291x300.jpg 291w, https:\/\/blogs.correiobraziliense.com.br\/capital-sa\/wp-content\/uploads\/sites\/59\/2023\/01\/acougue1-768x793.jpg 768w, https:\/\/blogs.correiobraziliense.com.br\/capital-sa\/wp-content\/uploads\/sites\/59\/2023\/01\/acougue1-992x1024.jpg 992w, https:\/\/blogs.correiobraziliense.com.br\/capital-sa\/wp-content\/uploads\/sites\/59\/2023\/01\/acougue1-800x826.jpg 800w, https:\/\/blogs.correiobraziliense.com.br\/capital-sa\/wp-content\/uploads\/sites\/59\/2023\/01\/acougue1-550x568.jpg 550w, https:\/\/blogs.correiobraziliense.com.br\/capital-sa\/wp-content\/uploads\/sites\/59\/2023\/01\/acougue1-230x237.jpg 230w\" sizes=\"auto, (max-width: 1200px) 100vw, 1200px\" \/><\/a><\/strong>O a\u00e7ougue de Ana Carla chama aten\u00e7\u00e3o dos frequentadores da Feira Permanente do Cruzeiro pelo cuidado com a limpeza e organiza\u00e7\u00e3o dos produtos e, sobretudo, pela cor rosa, predominante em cada detalhe, da sacola ao cutelo. O extenso mix, composto por mais de 300 itens, inclui uma s\u00e9rie de kits tentadores, sempre com ofertas do dia. N\u00e3o obstante, promove, regularmente, no grupo de WhatsApp Clientes e Amigos das Toneladas, sorteios de brindes, como facas especiais, canecas t\u00e9rmicas personalizadas, cafeteira e de vales-compra de R$ 500 para quem gasta pelo menos R$ 100 em compras. De quebra, ajuda a clientela a escolher e cortar corretamente cada tipo de carne, como conservar o produto e ensina receitas daquelas dar \u00e1gua na boca.<\/p>\n<p><strong>Uma aula de expertise<br \/>\n<\/strong>A empres\u00e1ria trabalha com uma pequena equipe, de seis funcion\u00e1rios, e sua expertise em cortes de carne chamou a aten\u00e7\u00e3o do Centro de Integra\u00e7\u00e3o Empresa-Escola (CIEE) do DF, que a convidou para promover treinamento com alunos do programa Educa\u00e7\u00e3o de Jovens e Adultos (EJA). Autodidata, Ana Carla j\u00e1 conta com experi\u00eancia desse tipo, tendo treinado grupos de cozinheiros do Servi\u00e7o Nacional de Aprendizagem Comercial (Senac), ensinando a forma correta de desossa \u2014 t\u00e9cnica que consiste na retirada de ossos de partes espec\u00edficas de animais abatidos.<\/p>\n<p><strong>Boiadeira desde a mais tenra inf\u00e2ncia<\/strong><\/p>\n<p><strong><a href=\"https:\/\/blogs.correiobraziliense.com.br\/capital-sa\/wp-content\/uploads\/sites\/59\/2023\/01\/acougue2.jpg\"><img loading=\"lazy\" decoding=\"async\" class=\"aligncenter size-full wp-image-11568\" src=\"https:\/\/blogs.correiobraziliense.com.br\/capital-sa\/wp-content\/uploads\/sites\/59\/2023\/01\/acougue2.jpg\" alt=\"\" width=\"1200\" height=\"1497\" srcset=\"https:\/\/blogs.correiobraziliense.com.br\/capital-sa\/wp-content\/uploads\/sites\/59\/2023\/01\/acougue2.jpg 1200w, https:\/\/blogs.correiobraziliense.com.br\/capital-sa\/wp-content\/uploads\/sites\/59\/2023\/01\/acougue2-240x300.jpg 240w, https:\/\/blogs.correiobraziliense.com.br\/capital-sa\/wp-content\/uploads\/sites\/59\/2023\/01\/acougue2-768x958.jpg 768w, https:\/\/blogs.correiobraziliense.com.br\/capital-sa\/wp-content\/uploads\/sites\/59\/2023\/01\/acougue2-821x1024.jpg 821w, https:\/\/blogs.correiobraziliense.com.br\/capital-sa\/wp-content\/uploads\/sites\/59\/2023\/01\/acougue2-800x998.jpg 800w, https:\/\/blogs.correiobraziliense.com.br\/capital-sa\/wp-content\/uploads\/sites\/59\/2023\/01\/acougue2-550x686.jpg 550w, https:\/\/blogs.correiobraziliense.com.br\/capital-sa\/wp-content\/uploads\/sites\/59\/2023\/01\/acougue2-230x287.jpg 230w\" sizes=\"auto, (max-width: 1200px) 100vw, 1200px\" \/><\/a><\/strong>Filha de boiadeiro, Ana Carla nasceu na pequena Buriti Bravo, no interior do Maranh\u00e3o. Cresceu observando e ajudando o pai a criar e abater gado para vender no mercado local e tamb\u00e9m em Teresina. Veio para Bras\u00edlia com 17 anos morar com a irm\u00e3. Foi professora de pr\u00e9-escola, atendente de laborat\u00f3rio e vendedora da extinta loja A Tenta\u00e7\u00e3o. Depois, abriu uma pequena peixaria, que sobreviveu por tr\u00eas longos anos. &#8220;N\u00e3o sabia diferenciar uma piaba de um tubar\u00e3o. Preferi apostar no sonho de ser a\u00e7ougueira&#8221;, afirma. Fique por dentro das ofertas do a\u00e7ougue pelo Instagram <em>@acougueanacarla<\/em>.<\/p>\n","protected":false},"excerpt":{"rendered":"<p>A  empres\u00e1ria Ana Carla Guimar\u00e3es teve uma grande sacada: montar um a\u00e7ougue com atendimento diferenciado, que agradasse aos p\u00fablico feminino<\/p>\n","protected":false},"author":125,"featured_media":11566,"comment_status":"open","ping_status":"open","sticky":false,"template":"","format":"standard","meta":{"footnotes":""},"categories":[6],"tags":[691,1781,1782],"class_list":["post-11565","post","type-post","status-publish","format-standard","has-post-thumbnail","hentry","category-coluna-capital-s-a","tag-cruzeiro","tag-acougue","tag-acougue-ana-carla"],"_links":{"self":[{"href":"https:\/\/blogs.correiobraziliense.com.br\/capital-sa\/wp-json\/wp\/v2\/posts\/11565","targetHints":{"allow":["GET"]}}],"collection":[{"href":"https:\/\/blogs.correiobraziliense.com.br\/capital-sa\/wp-json\/wp\/v2\/posts"}],"about":[{"href":"https:\/\/blogs.correiobraziliense.com.br\/capital-sa\/wp-json\/wp\/v2\/types\/post"}],"author":[{"embeddable":true,"href":"https:\/\/blogs.correiobraziliense.com.br\/capital-sa\/wp-json\/wp\/v2\/users\/125"}],"replies":[{"embeddable":true,"href":"https:\/\/blogs.correiobraziliense.com.br\/capital-sa\/wp-json\/wp\/v2\/comments?post=11565"}],"version-history":[{"count":1,"href":"https:\/\/blogs.correiobraziliense.com.br\/capital-sa\/wp-json\/wp\/v2\/posts\/11565\/revisions"}],"predecessor-version":[{"id":11569,"href":"https:\/\/blogs.correiobraziliense.com.br\/capital-sa\/wp-json\/wp\/v2\/posts\/11565\/revisions\/11569"}],"wp:featuredmedia":[{"embeddable":true,"href":"https:\/\/blogs.correiobraziliense.com.br\/capital-sa\/wp-json\/wp\/v2\/media\/11566"}],"wp:attachment":[{"href":"https:\/\/blogs.correiobraziliense.com.br\/capital-sa\/wp-json\/wp\/v2\/media?parent=11565"}],"wp:term":[{"taxonomy":"category","embeddable":true,"href":"https:\/\/blogs.correiobraziliense.com.br\/capital-sa\/wp-json\/wp\/v2\/categories?post=11565"},{"taxonomy":"post_tag","embeddable":true,"href":"https:\/\/blogs.correiobraziliense.com.br\/capital-sa\/wp-json\/wp\/v2\/tags?post=11565"}],"curies":[{"name":"wp","href":"https:\/\/api.w.org\/{rel}","templated":true}]}}