{"id":1153,"date":"2020-12-29T08:15:22","date_gmt":"2020-12-29T11:15:22","guid":{"rendered":"https:\/\/blogs.correiobraziliense.com.br\/capital-sa\/?p=1153"},"modified":"2020-12-29T13:02:52","modified_gmt":"2020-12-29T16:02:52","slug":"incertezas-sobre-vacinacao-deixam-industria-em-alerta","status":"publish","type":"post","link":"https:\/\/blogs.correiobraziliense.com.br\/capital-sa\/2020\/12\/29\/incertezas-sobre-vacinacao-deixam-industria-em-alerta\/","title":{"rendered":"Incertezas sobre vacina\u00e7\u00e3o deixam ind\u00fastria em alerta"},"content":{"rendered":"<p>O empres\u00e1rio industrial do Distrito Federal fechou o ano de 2020 confiante, apesar das dificuldades impostas pela crise provocada pela pandemia. O clima \u00e9 de otimismo, por\u00e9m com cautela.<\/p>\n<p>O empresariado ligou o sinal de alerta. E o motivo \u00e9 a politiza\u00e7\u00e3o gerada em torno da vacina contra a covid-19.<\/p>\n<p>&nbsp;<\/p>\n<p><img loading=\"lazy\" decoding=\"async\" class=\"aligncenter size-medium wp-image-1163\" src=\"https:\/\/blogs.correiobraziliense.com.br\/capital-sa\/wp-content\/uploads\/sites\/59\/2020\/12\/vs-1-300x238.jpg\" alt=\"\" width=\"300\" height=\"238\" srcset=\"https:\/\/blogs.correiobraziliense.com.br\/capital-sa\/wp-content\/uploads\/sites\/59\/2020\/12\/vs-1-300x238.jpg 300w, https:\/\/blogs.correiobraziliense.com.br\/capital-sa\/wp-content\/uploads\/sites\/59\/2020\/12\/vs-1-230x182.jpg 230w, https:\/\/blogs.correiobraziliense.com.br\/capital-sa\/wp-content\/uploads\/sites\/59\/2020\/12\/vs-1.jpg 518w\" sizes=\"auto, (max-width: 300px) 100vw, 300px\" \/><\/p>\n<blockquote><p>\u201cO empres\u00e1rio acende um alerta quando observa o aumento dos casos da covid-19 no pa\u00eds e falta de clareza na pol\u00edtica do governo federal sobre a vacina\u00e7\u00e3o, fato que justifica a queda nas expectativas para os pr\u00f3ximos seis meses\u201d, explica o presidente da Federa\u00e7\u00e3o das Ind\u00fastrias do DF (Fibra), <strong>Jamal Jorge Bittar<\/strong>.<\/p><\/blockquote>\n<h3>Confian\u00e7a X expectativas<\/h3>\n<p>De julho at\u00e9 dezembro, o \u00cdndice de Confian\u00e7a do Empres\u00e1rio Industrial do DF (Icei-DF) vinha subindo. Este \u00e9 sexto m\u00eas consecutivo de aumento.\u00a0 \u00a0Marcou 60,4 pontos, subindo 1 ponto em rela\u00e7\u00e3o ao m\u00eas de novembro.<\/p>\n<p>A confian\u00e7a da ind\u00fastria foi sendo retomada quando o governo do DF autorizou a reabertura das atividades do com\u00e9rcio, reaquecendo o consumo. A eleva\u00e7\u00e3o do \u00edndice fez o dado aproximar-se do medido em mar\u00e7o, de 62,6 pontos, quando os decretos de fechamento de atividades ainda n\u00e3o haviam afetado a percep\u00e7\u00e3o dos industriais. Mas o comportamento do \u00edndice de expectativas foi diferente. Apesar de ainda ser positivo, recuou 1,6 ponto em rela\u00e7\u00e3o a novembro.<\/p>\n<h3>F\u00f4lego para as empresas<\/h3>\n<p>\u201cTerminar 2020 com empres\u00e1rios confiantes \u00e9 extremamente positivo. A ind\u00fastria, assim como todos os setores da economia, foi muito afetada pela crise da covid-19, e as previs\u00f5es para o fim do ano n\u00e3o eram positivas, especialmente quando analisamos pesquisas feitas no segundo trimestre. Por\u00e9m, a retomada do consumo e algumas a\u00e7\u00f5es de governo, como a aprova\u00e7\u00e3o do Refis, trouxeram f\u00f4lego para as empresas\u201d, avalia Bittar.<\/p>\n<p>O Icei-DF \u00e9 medido mensalmente pela Fibra, em parceria com a CNI, o IEL-DF e o Sebrae no DF. Os dados deste m\u00eas foram coletados de 1\u00ba a 11 de dezembro.<\/p>\n<p>&nbsp;<\/p>\n","protected":false},"excerpt":{"rendered":"<p>O empres\u00e1rio industrial do Distrito Federal fechou o ano de 2020 confiante, apesar das dificuldades impostas pela crise provocada pela pandemia. O clima \u00e9 de otimismo, por\u00e9m com cautela. O empresariado ligou o sinal de alerta. E o motivo \u00e9 a politiza\u00e7\u00e3o gerada em torno da vacina contra a covid-19. &nbsp; \u201cO empres\u00e1rio acende um alerta quando observa o aumento [&hellip;]<\/p>\n","protected":false},"author":125,"featured_media":1170,"comment_status":"open","ping_status":"open","sticky":false,"template":"","format":"standard","meta":{"footnotes":""},"categories":[6],"tags":[335,161,375,376,377,308],"class_list":["post-1153","post","type-post","status-publish","format-standard","has-post-thumbnail","hentry","category-coluna-capital-s-a","tag-confianca","tag-empresarios","tag-expectativas","tag-otimismo","tag-politizacao","tag-vacina"],"_links":{"self":[{"href":"https:\/\/blogs.correiobraziliense.com.br\/capital-sa\/wp-json\/wp\/v2\/posts\/1153","targetHints":{"allow":["GET"]}}],"collection":[{"href":"https:\/\/blogs.correiobraziliense.com.br\/capital-sa\/wp-json\/wp\/v2\/posts"}],"about":[{"href":"https:\/\/blogs.correiobraziliense.com.br\/capital-sa\/wp-json\/wp\/v2\/types\/post"}],"author":[{"embeddable":true,"href":"https:\/\/blogs.correiobraziliense.com.br\/capital-sa\/wp-json\/wp\/v2\/users\/125"}],"replies":[{"embeddable":true,"href":"https:\/\/blogs.correiobraziliense.com.br\/capital-sa\/wp-json\/wp\/v2\/comments?post=1153"}],"version-history":[{"count":5,"href":"https:\/\/blogs.correiobraziliense.com.br\/capital-sa\/wp-json\/wp\/v2\/posts\/1153\/revisions"}],"predecessor-version":[{"id":1173,"href":"https:\/\/blogs.correiobraziliense.com.br\/capital-sa\/wp-json\/wp\/v2\/posts\/1153\/revisions\/1173"}],"wp:featuredmedia":[{"embeddable":true,"href":"https:\/\/blogs.correiobraziliense.com.br\/capital-sa\/wp-json\/wp\/v2\/media\/1170"}],"wp:attachment":[{"href":"https:\/\/blogs.correiobraziliense.com.br\/capital-sa\/wp-json\/wp\/v2\/media?parent=1153"}],"wp:term":[{"taxonomy":"category","embeddable":true,"href":"https:\/\/blogs.correiobraziliense.com.br\/capital-sa\/wp-json\/wp\/v2\/categories?post=1153"},{"taxonomy":"post_tag","embeddable":true,"href":"https:\/\/blogs.correiobraziliense.com.br\/capital-sa\/wp-json\/wp\/v2\/tags?post=1153"}],"curies":[{"name":"wp","href":"https:\/\/api.w.org\/{rel}","templated":true}]}}