{"id":115,"date":"2020-10-06T08:20:26","date_gmt":"2020-10-06T11:20:26","guid":{"rendered":"https:\/\/blogs.correiobraziliense.com.br\/capital-sa\/?p=115"},"modified":"2020-10-06T13:25:11","modified_gmt":"2020-10-06T16:25:11","slug":"brasiliense-tem-menos-dividas-porem-mais-contas-em-atraso-na-pandemia","status":"publish","type":"post","link":"https:\/\/blogs.correiobraziliense.com.br\/capital-sa\/2020\/10\/06\/brasiliense-tem-menos-dividas-porem-mais-contas-em-atraso-na-pandemia\/","title":{"rendered":"Brasiliense tem menos d\u00edvidas, por\u00e9m mais contas em atraso na pandemia"},"content":{"rendered":"<p>No Distrito Federal, 60,4% das fam\u00edlias est\u00e3o endividadas. S\u00e3o 608 mil n\u00facleos familiares com algum tipo de d\u00edvida no cart\u00e3o de cr\u00e9dito, cheque especial e empr\u00e9stimos. Mas, esse \u00edndice est\u00e1 bem abaixo ao do mesmo per\u00edodo no ano passado, que ficou em 80%. Isso significa que as pessoas ficaram com medo de fazer novas compras parceladas e assumir compromissos com pagamentos futuros. A incerteza, por causa da pandemia, fez o consumidor ser mais cauteloso. Mas, junto, cresceu a inadimpl\u00eancia.<\/p>\n<p>O montante de contas em atraso registrou aumento: passou de 134.776 mil fam\u00edlias, em junho, para 157 mil, em setembro. O n\u00famero gera apreens\u00e3o e est\u00e1 ligado ao desemprego. Mas, a expectativa \u00e9 de que o cen\u00e1rio melhore, gradativamente, devido ao reaquecimento da economia e do com\u00e9rcio varejista.<\/p>\n<p><strong>Carro e casa<\/strong><\/p>\n<p>Depois do cart\u00e3o de cr\u00e9dito, os financiamentos de carro e de casa s\u00e3o os que mais geram endividamento no brasiliense. Esses s\u00e3o os dados da Pesquisa de Endividamento Inadimpl\u00eancia do Consumidor (Peic), da Fecom\u00e9rcio-DF, fechados ontem. Ela orienta os empres\u00e1rios do com\u00e9rcio de bens, servi\u00e7os e turismo que utilizam o cr\u00e9dito como op\u00e7\u00e3o de vendas. Fornece a eles melhor percep\u00e7\u00e3o do comportamento do consumidor.<\/p>\n<p><strong>Confian\u00e7a no contracheque<\/strong><\/p>\n<p>O n\u00edvel de endividamento em Bras\u00edlia \u00e9 um dos mais altos do pa\u00eds porque h\u00e1 uma grande parcela da popula\u00e7\u00e3o com confian\u00e7a em gastar. O tradicional otimismo deve-se \u00e0 estabilidade de renda garantida aos servidores p\u00fablicos, na capital federal. Mesmo assim, at\u00e9 a confian\u00e7a dessa parcela de consumidores foi abalada com a pandemia.<\/p>\n<h3>Ga\u00facha Prendada<\/h3>\n<p><a href=\"https:\/\/blogs.correiobraziliense.com.br\/capital-sa\/wp-content\/uploads\/sites\/59\/2020\/10\/PHOTO-2020-10-01-17-36-54.jpg\"><img loading=\"lazy\" decoding=\"async\" class=\"size-full wp-image-117 alignleft\" src=\"https:\/\/blogs.correiobraziliense.com.br\/capital-sa\/wp-content\/uploads\/sites\/59\/2020\/10\/PHOTO-2020-10-01-17-36-54.jpg\" alt=\"\" width=\"640\" height=\"428\" srcset=\"https:\/\/blogs.correiobraziliense.com.br\/capital-sa\/wp-content\/uploads\/sites\/59\/2020\/10\/PHOTO-2020-10-01-17-36-54.jpg 640w, https:\/\/blogs.correiobraziliense.com.br\/capital-sa\/wp-content\/uploads\/sites\/59\/2020\/10\/PHOTO-2020-10-01-17-36-54-300x201.jpg 300w, https:\/\/blogs.correiobraziliense.com.br\/capital-sa\/wp-content\/uploads\/sites\/59\/2020\/10\/PHOTO-2020-10-01-17-36-54-550x368.jpg 550w, https:\/\/blogs.correiobraziliense.com.br\/capital-sa\/wp-content\/uploads\/sites\/59\/2020\/10\/PHOTO-2020-10-01-17-36-54-230x154.jpg 230w\" sizes=\"auto, (max-width: 640px) 100vw, 640px\" \/><\/a><\/p>\n<p>Uma empresa de p\u00e3es e cucas alem\u00e3s transformou a crise em oportunidade e cresceu com o delivery. A ga\u00facha Daiane Wolff j\u00e1 trabalhava com vendas em Bras\u00edlia, mas perdeu o emprego em uma empresa de planos de sa\u00fade. O projeto de ter filhos e a dificuldade de reencontrar um novo trabalho a fizeram decidir abrir um pequeno neg\u00f3cio na pr\u00f3pria casa, em Planaltina.<\/p>\n<p>Foi assim que nasceu a Ga\u00facha Prendada. Ela come\u00e7ou a produzir p\u00e3es para vender. \u201cEu comecei de porta em porta, no com\u00e9rcio perto da minha casa\u201d, conta Daiane. Ela criou o perfil no Instagram para divulgar os p\u00e3es e manter contato com os clientes. O sucesso foi tanto que, em tr\u00eas meses, a Ga\u00facha Prendada j\u00e1 tinha mil seguidores na rede social e ela come\u00e7ou a fazer p\u00e3es<br \/>\npor encomenda.<\/p>\n<p><strong>Marketing digital<\/strong><\/p>\n<p>Hoje, o sucesso de vendas s\u00e3o as cucas alem\u00e3s. Mas, com o come\u00e7o da pandemia, veio o susto: a empresa, que j\u00e1 n\u00e3o fazia mais entregas, vivia um \u00f3timo momento por estar presente em muitas feiras. Precisou se adaptar. Com as feiras suspensas, Daiane pensou em solu\u00e7\u00f5es e recebeu o apoio do Sebrae\/DF. A empresa voltou a fazer entregas dos produtos e investiu mais ainda no marketing digital.<\/p>\n<p>\u201cRecentemente, tivemos de fazer uma amplia\u00e7\u00e3o na nossa cozinha. Quem diria, que em meio a uma pandemia, ter\u00edamos de ampliar nosso espa\u00e7o de produ\u00e7\u00e3o?\u201d, comemora Daiane.<\/p>\n<h3>V\u00eddeo de Bolsonaro \u00e9 relembrado por produtores<\/h3>\n<p>&nbsp;<\/p>\n<p><iframe loading=\"lazy\" title=\"Jair Bolsonaro apoia fim da concess\u00e3o indevida de liminares\" width=\"1440\" height=\"810\" src=\"https:\/\/www.youtube.com\/embed\/f9JfCzrw6AI?feature=oembed\" frameborder=\"0\" allow=\"accelerometer; autoplay; clipboard-write; encrypted-media; gyroscope; picture-in-picture; web-share\" referrerpolicy=\"strict-origin-when-cross-origin\" allowfullscreen><\/iframe><\/p>\n<p>Os produtores agr\u00edcolas cobram do presidente Bolsonaro o compromisso de proteger os produtos nacionais da concorr\u00eancia dos estrangeiros.<\/p>\n<p>E a diverg\u00eancia maior passa agora pela indica\u00e7\u00e3o do desembargador Kassio Nunes Marques ao STF.\u00a0 A Associa\u00e7\u00e3o Nacional dos Produtores de Alho (Amapa) aponta que ele foi autor de decis\u00f5es judiciais, liberando importadoras de pagar a taxa antidumping.<\/p>\n<p>Em v\u00eddeo, gravado ao lado do presidente da entidade, Rafael Corsino, Bolsonaro, como pr\u00e9-candidato, critica a ind\u00fastria de liminares. \u201cA gente acompanha os problemas do setor produtivo, dentro e fora do Brasil. O alho tem sido encontrado numa coisa parecida com uma ind\u00fastria de liminares. O alho, entrando aqui sem a quest\u00e3o do antidumping, vai acabar sufocando a produ\u00e7\u00e3o do Brasil, o que \u00e9 mais um problema que temos no campo. Al\u00e9m da banana do Equador e do etanol vir dos Estados Unidos para c\u00e1, passa \u00e1gua de coco da Indon\u00e9sia. Vejam, com muita aten\u00e7\u00e3o, o risco cada vez mais da nossa agricultura se ver prejudicada\u201d, disse Bolsonaro.<\/p>\n<p><strong>Frente Agropecu\u00e1ria<\/strong><\/p>\n<p>A Anapa queixa-se da contradi\u00e7\u00e3o de Bolsonaro em indicar, agora, ao Supremo exatamente o desembargador autor de decis\u00f5es semelhantes em favor da entrada de alho chin\u00eas, sem pagar taxas. Os produtores de alho mobilizaram a Frente Parlamentar da Agropecu\u00e1ria no Congresso e a ministra da Agricultura Tereza Cristina.<\/p>\n","protected":false},"excerpt":{"rendered":"<p>No Distrito Federal, 60,4% das fam\u00edlias est\u00e3o endividadas. S\u00e3o 608 mil n\u00facleos familiares com algum tipo de d\u00edvida no cart\u00e3o de cr\u00e9dito, cheque especial e empr\u00e9stimos. Mas, esse \u00edndice est\u00e1 bem abaixo ao do mesmo per\u00edodo no ano passado, que ficou em 80%. Isso significa que as pessoas ficaram com medo de fazer novas compras parceladas e assumir compromissos com [&hellip;]<\/p>\n","protected":false},"author":125,"featured_media":116,"comment_status":"open","ping_status":"open","sticky":false,"template":"","format":"standard","meta":{"footnotes":""},"categories":[6],"tags":[42,45,44,26,43,5],"class_list":["post-115","post","type-post","status-publish","format-standard","has-post-thumbnail","hentry","category-coluna-capital-s-a","tag-bolsonaro","tag-cartao-de-credito","tag-divida","tag-fecomercio","tag-gaucha-prendada","tag-pandemia"],"_links":{"self":[{"href":"https:\/\/blogs.correiobraziliense.com.br\/capital-sa\/wp-json\/wp\/v2\/posts\/115","targetHints":{"allow":["GET"]}}],"collection":[{"href":"https:\/\/blogs.correiobraziliense.com.br\/capital-sa\/wp-json\/wp\/v2\/posts"}],"about":[{"href":"https:\/\/blogs.correiobraziliense.com.br\/capital-sa\/wp-json\/wp\/v2\/types\/post"}],"author":[{"embeddable":true,"href":"https:\/\/blogs.correiobraziliense.com.br\/capital-sa\/wp-json\/wp\/v2\/users\/125"}],"replies":[{"embeddable":true,"href":"https:\/\/blogs.correiobraziliense.com.br\/capital-sa\/wp-json\/wp\/v2\/comments?post=115"}],"version-history":[{"count":2,"href":"https:\/\/blogs.correiobraziliense.com.br\/capital-sa\/wp-json\/wp\/v2\/posts\/115\/revisions"}],"predecessor-version":[{"id":119,"href":"https:\/\/blogs.correiobraziliense.com.br\/capital-sa\/wp-json\/wp\/v2\/posts\/115\/revisions\/119"}],"wp:featuredmedia":[{"embeddable":true,"href":"https:\/\/blogs.correiobraziliense.com.br\/capital-sa\/wp-json\/wp\/v2\/media\/116"}],"wp:attachment":[{"href":"https:\/\/blogs.correiobraziliense.com.br\/capital-sa\/wp-json\/wp\/v2\/media?parent=115"}],"wp:term":[{"taxonomy":"category","embeddable":true,"href":"https:\/\/blogs.correiobraziliense.com.br\/capital-sa\/wp-json\/wp\/v2\/categories?post=115"},{"taxonomy":"post_tag","embeddable":true,"href":"https:\/\/blogs.correiobraziliense.com.br\/capital-sa\/wp-json\/wp\/v2\/tags?post=115"}],"curies":[{"name":"wp","href":"https:\/\/api.w.org\/{rel}","templated":true}]}}