{"id":11496,"date":"2023-01-16T07:23:21","date_gmt":"2023-01-16T10:23:21","guid":{"rendered":"https:\/\/blogs.correiobraziliense.com.br\/capital-sa\/?p=11496"},"modified":"2023-01-16T11:16:56","modified_gmt":"2023-01-16T14:16:56","slug":"com-a-empresa-tronik-maiara-gualberto-encara-o-futuro","status":"publish","type":"post","link":"https:\/\/blogs.correiobraziliense.com.br\/capital-sa\/2023\/01\/16\/com-a-empresa-tronik-maiara-gualberto-encara-o-futuro\/","title":{"rendered":"Com a empresa Tronik, Maiara Gualberto encara o futuro"},"content":{"rendered":"<p><strong>Coluna Capital S\/A, por Ana Dubeux (interina)<\/strong><\/p>\n<p>A hist\u00f3ria de Maiara Gualberto \u00e9 a hist\u00f3ria de como experi\u00eancias acumuladas ao longo da vida, mesmo as dif\u00edceis, podem conduzir a caminhos criativos e bem-sucedidos. \u00c9 tamb\u00e9m uma hist\u00f3ria em constru\u00e7\u00e3o de uma menina negra, da periferia, filha de catadores, que abra\u00e7ou as oportunidades que foram aparecendo. De estudar, de aprender e de empreender.<\/p>\n<p>A partir da experi\u00eancia do pai e da sua pr\u00f3pria, de perceber como materiais eletr\u00f4nicos descart\u00e1veis podem virar brinquedo e outras utilidades. N\u00e3o hesitou, montou uma empresa dedicada \u00e0 engenharia reversa em sustentabilidade do mundo eletr\u00f4nico, a Tronik.<\/p>\n<p>Hoje, Maiara est\u00e1 escalando a empresa, aumentando a contribui\u00e7\u00e3o na quest\u00e3o ambiental por conseguir proporcionar engenharia reversa. Ao mesmo tempo, ela acaba de assumir a coordena\u00e7\u00e3o de Social Impact \u2014 Impacto Ambiental \u2014 na Associa\u00e7\u00e3o Brasileira de Startups. E ainda trabalha na empresa WIZ.CO como t\u00e9cnica de Backoffice.<\/p>\n<p><strong>O estudo e o in\u00edcio profissional<\/strong><\/p>\n<figure id=\"attachment_11505\" aria-describedby=\"caption-attachment-11505\" style=\"width: 1200px\" class=\"wp-caption aligncenter\"><a href=\"https:\/\/blogs.correiobraziliense.com.br\/capital-sa\/wp-content\/uploads\/sites\/59\/2023\/01\/maiara3.jpeg\"><img loading=\"lazy\" decoding=\"async\" class=\"size-full wp-image-11505\" src=\"https:\/\/blogs.correiobraziliense.com.br\/capital-sa\/wp-content\/uploads\/sites\/59\/2023\/01\/maiara3.jpeg\" alt=\"\" width=\"1200\" height=\"857\" srcset=\"https:\/\/blogs.correiobraziliense.com.br\/capital-sa\/wp-content\/uploads\/sites\/59\/2023\/01\/maiara3.jpeg 1200w, https:\/\/blogs.correiobraziliense.com.br\/capital-sa\/wp-content\/uploads\/sites\/59\/2023\/01\/maiara3-300x214.jpeg 300w, https:\/\/blogs.correiobraziliense.com.br\/capital-sa\/wp-content\/uploads\/sites\/59\/2023\/01\/maiara3-768x548.jpeg 768w, https:\/\/blogs.correiobraziliense.com.br\/capital-sa\/wp-content\/uploads\/sites\/59\/2023\/01\/maiara3-1024x731.jpeg 1024w, https:\/\/blogs.correiobraziliense.com.br\/capital-sa\/wp-content\/uploads\/sites\/59\/2023\/01\/maiara3-800x571.jpeg 800w, https:\/\/blogs.correiobraziliense.com.br\/capital-sa\/wp-content\/uploads\/sites\/59\/2023\/01\/maiara3-550x393.jpeg 550w, https:\/\/blogs.correiobraziliense.com.br\/capital-sa\/wp-content\/uploads\/sites\/59\/2023\/01\/maiara3-230x164.jpeg 230w\" sizes=\"auto, (max-width: 1200px) 100vw, 1200px\" \/><\/a><figcaption id=\"caption-attachment-11505\" class=\"wp-caption-text\">Maiara (com o beb\u00ea no colo) ao lado dos pais e dos irm\u00e3os<\/figcaption><\/figure>\n<p><strong><br \/>\n<\/strong>Na adolesc\u00eancia, Maiara voltou a Bras\u00edlia. Ela estudava e, nos intervalos, vendia os salgados. Com 17 anos, come\u00e7ou a fazer est\u00e1gio numa empresa de inform\u00e1tica, onde trabalhou por 11 anos.<\/p>\n<p>Ao ficar desempregada, uma colega enviou seu curr\u00edculo para um professor da UnB, que a convidou para trabalhar numa empresa de engenharia, prestadora de servi\u00e7o para a CEB. A empresa precisava das certifica\u00e7\u00f5es ISO, sobretudo as relacionadas ao descarte de res\u00edduos.<\/p>\n<p><strong>A ponte para o empreendedorismo<br \/>\n<\/strong>Ao sair da empresa, chamou os pais e explicou que viu uma oportunidade de neg\u00f3cios. \u201cEstudamos juntos e, assistindo a um jornal na TV sobre um edital para selecionar ideias de neg\u00f3cios, me inscrevi com meus pais, com uma solu\u00e7\u00e3o para reciclagem de res\u00edduos eletr\u00f4nicos\u201d, explica.<br \/>\nFoi selecionada dentro do programa Cocriation Lab.<\/p>\n<p>\u201cDesenvolvemos um plano de neg\u00f3cios, ficamos em primeiro lugar e abrimos a startup Tronik Solu\u00e7\u00f5es em Res\u00edduos Eletr\u00f4nicos.\u201d O programa acabou e a mentora dela mandou outro edital, do programa Descentraliza, que selecionava startups que trabalhavam com neg\u00f3cios de impacto na periferia. Novamente foi selecionada, j\u00e1 que a coleta de res\u00edduos se dava no Recanto das Emas.<\/p>\n<p><strong>O futuro est\u00e1 acontecendo<\/strong><\/p>\n<p><strong><a href=\"https:\/\/blogs.correiobraziliense.com.br\/capital-sa\/wp-content\/uploads\/sites\/59\/2023\/01\/maiara2.jpeg\"><img loading=\"lazy\" decoding=\"async\" class=\"aligncenter size-full wp-image-11507\" src=\"https:\/\/blogs.correiobraziliense.com.br\/capital-sa\/wp-content\/uploads\/sites\/59\/2023\/01\/maiara2.jpeg\" alt=\"\" width=\"1200\" height=\"650\" srcset=\"https:\/\/blogs.correiobraziliense.com.br\/capital-sa\/wp-content\/uploads\/sites\/59\/2023\/01\/maiara2.jpeg 1200w, https:\/\/blogs.correiobraziliense.com.br\/capital-sa\/wp-content\/uploads\/sites\/59\/2023\/01\/maiara2-300x163.jpeg 300w, https:\/\/blogs.correiobraziliense.com.br\/capital-sa\/wp-content\/uploads\/sites\/59\/2023\/01\/maiara2-768x416.jpeg 768w, https:\/\/blogs.correiobraziliense.com.br\/capital-sa\/wp-content\/uploads\/sites\/59\/2023\/01\/maiara2-1024x555.jpeg 1024w, https:\/\/blogs.correiobraziliense.com.br\/capital-sa\/wp-content\/uploads\/sites\/59\/2023\/01\/maiara2-800x433.jpeg 800w, https:\/\/blogs.correiobraziliense.com.br\/capital-sa\/wp-content\/uploads\/sites\/59\/2023\/01\/maiara2-550x298.jpeg 550w, https:\/\/blogs.correiobraziliense.com.br\/capital-sa\/wp-content\/uploads\/sites\/59\/2023\/01\/maiara2-230x125.jpeg 230w\" sizes=\"auto, (max-width: 1200px) 100vw, 1200px\" \/><\/a><\/strong>Hoje, a Tronik \u00e9 uma empresa que coleta os eletr\u00f4nicos em casas, empresas e faculdades, dando o destino correto. Agora, Maiara quer escalar a empresa, buscando institui\u00e7\u00f5es focadas em ESG, gerando impacto positivo ao meio ambiente, levando para as escolas a import\u00e2ncia da coleta seletiva, entre outras a\u00e7\u00f5es e projetos.<\/p>\n","protected":false},"excerpt":{"rendered":"<p>A hist\u00f3ria de Maiara Gualberto \u00e9 de como experi\u00eancias acumuladas ao longo da vida, mesmo as dif\u00edceis, podem conduzir a caminhos criativos e bem-sucedidos<\/p>\n","protected":false},"author":125,"featured_media":11497,"comment_status":"open","ping_status":"open","sticky":false,"template":"","format":"standard","meta":{"footnotes":""},"categories":[6],"tags":[345,2,1751],"class_list":["post-11496","post","type-post","status-publish","format-standard","has-post-thumbnail","hentry","category-coluna-capital-s-a","tag-informatica","tag-empreendedorismo","tag-tronik"],"_links":{"self":[{"href":"https:\/\/blogs.correiobraziliense.com.br\/capital-sa\/wp-json\/wp\/v2\/posts\/11496","targetHints":{"allow":["GET"]}}],"collection":[{"href":"https:\/\/blogs.correiobraziliense.com.br\/capital-sa\/wp-json\/wp\/v2\/posts"}],"about":[{"href":"https:\/\/blogs.correiobraziliense.com.br\/capital-sa\/wp-json\/wp\/v2\/types\/post"}],"author":[{"embeddable":true,"href":"https:\/\/blogs.correiobraziliense.com.br\/capital-sa\/wp-json\/wp\/v2\/users\/125"}],"replies":[{"embeddable":true,"href":"https:\/\/blogs.correiobraziliense.com.br\/capital-sa\/wp-json\/wp\/v2\/comments?post=11496"}],"version-history":[{"count":3,"href":"https:\/\/blogs.correiobraziliense.com.br\/capital-sa\/wp-json\/wp\/v2\/posts\/11496\/revisions"}],"predecessor-version":[{"id":11508,"href":"https:\/\/blogs.correiobraziliense.com.br\/capital-sa\/wp-json\/wp\/v2\/posts\/11496\/revisions\/11508"}],"wp:featuredmedia":[{"embeddable":true,"href":"https:\/\/blogs.correiobraziliense.com.br\/capital-sa\/wp-json\/wp\/v2\/media\/11497"}],"wp:attachment":[{"href":"https:\/\/blogs.correiobraziliense.com.br\/capital-sa\/wp-json\/wp\/v2\/media?parent=11496"}],"wp:term":[{"taxonomy":"category","embeddable":true,"href":"https:\/\/blogs.correiobraziliense.com.br\/capital-sa\/wp-json\/wp\/v2\/categories?post=11496"},{"taxonomy":"post_tag","embeddable":true,"href":"https:\/\/blogs.correiobraziliense.com.br\/capital-sa\/wp-json\/wp\/v2\/tags?post=11496"}],"curies":[{"name":"wp","href":"https:\/\/api.w.org\/{rel}","templated":true}]}}