{"id":11475,"date":"2023-01-15T14:49:39","date_gmt":"2023-01-15T17:49:39","guid":{"rendered":"https:\/\/blogs.correiobraziliense.com.br\/capital-sa\/?p=11475"},"modified":"2023-01-16T17:04:01","modified_gmt":"2023-01-16T20:04:01","slug":"esposa-de-torres-trabalha-na-lideranca-do-governo-ibaneis-na-cldf","status":"publish","type":"post","link":"https:\/\/blogs.correiobraziliense.com.br\/capital-sa\/2023\/01\/15\/esposa-de-torres-trabalha-na-lideranca-do-governo-ibaneis-na-cldf\/","title":{"rendered":"Esposa de Torres trabalha na lideran\u00e7a do governo Ibaneis na CLDF"},"content":{"rendered":"<p><b>Por Samanta Sallum\u00a0<\/b><\/p>\n<p>A esposa de Anderson Torres, Fl\u00e1via Torres, est\u00e1 abrigada desde fevereiro de 2021 na lideran\u00e7a do governo de Ibaneis Rocha, na C\u00e2mara Legislativa do DF.<\/p>\n<p>Na \u00e9poca, o l\u00edder era o deputado Hermeto (MDB). Ela continua lotada l\u00e1. Procurado pela coluna, o novo l\u00edder do governo, Rob\u00e9rio Negreiros (PSD), que assumiu apenas em 2 de janeiro deste ano, disse que n\u00e3o teve contato com Fl\u00e1via ainda.<\/p>\n<p>&#8220;N\u00e3o a conhe\u00e7o. E ela j\u00e1 estava de f\u00e9rias quando assumi.\u00a0Tem de voltar no dia 23 de janeiro&#8221;, informou Rob\u00e9rio.<\/p>\n<p>Fl\u00e1via \u00e9 funcion\u00e1ria do Banco do Brasil e est\u00e1 cedida. Tem CL 13, recebe R$ 14.997,26.<\/p>\n<p>O deputado explicou que ainda est\u00e1 montando a sua equipe na lideran\u00e7a e que \u201cvai ainda conversar com ela\u201d. Quis deixar claro que n\u00e3o teve participa\u00e7\u00e3o na contrata\u00e7\u00e3o.<\/p>\n","protected":false},"excerpt":{"rendered":"<p>Por Samanta Sallum\u00a0 A esposa de Anderson Torres, Fl\u00e1via Torres, est\u00e1 abrigada desde fevereiro de 2021 na lideran\u00e7a do governo de Ibaneis Rocha, na C\u00e2mara Legislativa do DF. Na \u00e9poca, o l\u00edder era o deputado Hermeto (MDB). Ela continua lotada l\u00e1. Procurado pela coluna, o novo l\u00edder do governo, Rob\u00e9rio Negreiros (PSD), que assumiu apenas em 2 de janeiro deste [&hellip;]<\/p>\n","protected":false},"author":125,"featured_media":11481,"comment_status":"open","ping_status":"open","sticky":false,"template":"","format":"standard","meta":{"footnotes":""},"categories":[6],"tags":[1768,383,1767,1770,1268,1769],"class_list":["post-11475","post","type-post","status-publish","format-standard","has-post-thumbnail","hentry","category-coluna-capital-s-a","tag-andersontorres","tag-camaralegislativa","tag-esposa","tag-flaviatorres","tag-governo","tag-lideranca"],"_links":{"self":[{"href":"https:\/\/blogs.correiobraziliense.com.br\/capital-sa\/wp-json\/wp\/v2\/posts\/11475","targetHints":{"allow":["GET"]}}],"collection":[{"href":"https:\/\/blogs.correiobraziliense.com.br\/capital-sa\/wp-json\/wp\/v2\/posts"}],"about":[{"href":"https:\/\/blogs.correiobraziliense.com.br\/capital-sa\/wp-json\/wp\/v2\/types\/post"}],"author":[{"embeddable":true,"href":"https:\/\/blogs.correiobraziliense.com.br\/capital-sa\/wp-json\/wp\/v2\/users\/125"}],"replies":[{"embeddable":true,"href":"https:\/\/blogs.correiobraziliense.com.br\/capital-sa\/wp-json\/wp\/v2\/comments?post=11475"}],"version-history":[{"count":7,"href":"https:\/\/blogs.correiobraziliense.com.br\/capital-sa\/wp-json\/wp\/v2\/posts\/11475\/revisions"}],"predecessor-version":[{"id":11515,"href":"https:\/\/blogs.correiobraziliense.com.br\/capital-sa\/wp-json\/wp\/v2\/posts\/11475\/revisions\/11515"}],"wp:featuredmedia":[{"embeddable":true,"href":"https:\/\/blogs.correiobraziliense.com.br\/capital-sa\/wp-json\/wp\/v2\/media\/11481"}],"wp:attachment":[{"href":"https:\/\/blogs.correiobraziliense.com.br\/capital-sa\/wp-json\/wp\/v2\/media?parent=11475"}],"wp:term":[{"taxonomy":"category","embeddable":true,"href":"https:\/\/blogs.correiobraziliense.com.br\/capital-sa\/wp-json\/wp\/v2\/categories?post=11475"},{"taxonomy":"post_tag","embeddable":true,"href":"https:\/\/blogs.correiobraziliense.com.br\/capital-sa\/wp-json\/wp\/v2\/tags?post=11475"}],"curies":[{"name":"wp","href":"https:\/\/api.w.org\/{rel}","templated":true}]}}