{"id":11436,"date":"2023-01-13T18:23:21","date_gmt":"2023-01-13T21:23:21","guid":{"rendered":"https:\/\/blogs.correiobraziliense.com.br\/capital-sa\/?p=11436"},"modified":"2023-01-16T11:58:33","modified_gmt":"2023-01-16T14:58:33","slug":"fim-de-intervencao-federal-pode-ser-antecipada-no-df","status":"publish","type":"post","link":"https:\/\/blogs.correiobraziliense.com.br\/capital-sa\/2023\/01\/13\/fim-de-intervencao-federal-pode-ser-antecipada-no-df\/","title":{"rendered":"Fim de interven\u00e7\u00e3o federal pode ser antecipado  no DF"},"content":{"rendered":"<p class=\"p1\"><b>Por Samanta Sallum\u00a0<\/b><\/p>\n<figure id=\"attachment_11445\" aria-describedby=\"caption-attachment-11445\" style=\"width: 1024px\" class=\"wp-caption alignnone\"><img loading=\"lazy\" decoding=\"async\" class=\"size-large wp-image-11445\" src=\"https:\/\/blogs.correiobraziliense.com.br\/capital-sa\/wp-content\/uploads\/sites\/59\/2023\/01\/mfs6276-27252405-1024x657.jpg\" alt=\"\" width=\"1024\" height=\"657\" srcset=\"https:\/\/blogs.correiobraziliense.com.br\/capital-sa\/wp-content\/uploads\/sites\/59\/2023\/01\/mfs6276-27252405-1024x657.jpg 1024w, https:\/\/blogs.correiobraziliense.com.br\/capital-sa\/wp-content\/uploads\/sites\/59\/2023\/01\/mfs6276-27252405-300x192.jpg 300w, https:\/\/blogs.correiobraziliense.com.br\/capital-sa\/wp-content\/uploads\/sites\/59\/2023\/01\/mfs6276-27252405-768x493.jpg 768w, https:\/\/blogs.correiobraziliense.com.br\/capital-sa\/wp-content\/uploads\/sites\/59\/2023\/01\/mfs6276-27252405-1440x924.jpg 1440w, https:\/\/blogs.correiobraziliense.com.br\/capital-sa\/wp-content\/uploads\/sites\/59\/2023\/01\/mfs6276-27252405-800x513.jpg 800w, https:\/\/blogs.correiobraziliense.com.br\/capital-sa\/wp-content\/uploads\/sites\/59\/2023\/01\/mfs6276-27252405-550x353.jpg 550w, https:\/\/blogs.correiobraziliense.com.br\/capital-sa\/wp-content\/uploads\/sites\/59\/2023\/01\/mfs6276-27252405-230x148.jpg 230w\" sizes=\"auto, (max-width: 1024px) 100vw, 1024px\" \/><figcaption id=\"caption-attachment-11445\" class=\"wp-caption-text\">Ricardo Cappelli, interventor na seguran\u00e7a do DF, faz vistoria na Esplanada dos Minist\u00e9rios<\/figcaption><\/figure>\n<p class=\"p3\"><span class=\"s2\">O ministro da Justi\u00e7a, Fl\u00e1vio Dino, sinalizou que a interven\u00e7\u00e3o federal na Seguran\u00e7a Publica do DF pode terminar antes de 31 de janeiro.<span class=\"Apple-converted-space\">\u00a0 <\/span>Ele declarou que espera que seja poss\u00edvel o mais breve o retorno do comando da \u00e1rea ao GDF. No caso, agora, \u00e0 governadora em exerc\u00edcio, Celina Le\u00e3o.<\/span><\/p>\n<blockquote>\n<p class=\"p3\"><span class=\"s2\">\u201cEstamos conversando com a Celina no sentido de negociar para que o DF assuma suas atribui\u00e7\u00f5es o quanto antes.<span class=\"Apple-converted-space\">\u00a0<\/span>Como diz a Constitui\u00e7\u00e3o, a interven\u00e7\u00e3o \u00e9 para restabelecer a ordem p\u00fablica. Quando isso ocorrer, n\u00e3o tem por que manter\u201d, apontou em entrevista coletiva realizada no Supremo Tribunal Federal (STF), na tarde desta sexta-feira (13\/1).<\/span><\/p>\n<\/blockquote>\n<p class=\"p3\"><span class=\"s2\">H\u00e1 uma s\u00e9rie de tratativas para que isso ocorra. Celina Le\u00e3o vem se esfor\u00e7ando para ganhar a confian\u00e7a dos ministros do Supremo e tamb\u00e9m do ministro da Justi\u00e7a. Nesta semana, esteve em linha direta com alguns.<\/span><\/p>\n<p class=\"p3\"><span class=\"s2\">O fim da interven\u00e7\u00e3o, pelo menos oficial, passa pelo proposta de acordo de Celina. Ela\u00a0<\/span>vai encaminhar \u00e0 Presid\u00eancia da Rep\u00fablica e ao Minist\u00e9rio da Justi\u00e7a pedido para que venha de l\u00e1 a indica\u00e7\u00e3o de um nome para o comando da Seguran\u00e7a no DF. Ou seja, vai fazer na sua gest\u00e3o tempor\u00e1ria o que Ibaneis Rocha se recusou a fazer antes da crise.<\/p>\n<p class=\"p3\">Dino, no entanto, ainda levar\u00e1 ao Congresso uma proposta de federaliza\u00e7\u00e3o das pol\u00edcias do DF.<\/p>\n<blockquote><p>\u201dHouve um esgotamento do modelo em que a Uni\u00e3o financia e o DF cumpre. Esse modelo fracassou. Isso ser\u00e1 discutido mais pra frente\u201d, acrescentou o ministro.<\/p><\/blockquote>\n","protected":false},"excerpt":{"rendered":"<p>Por Samanta Sallum\u00a0 O ministro da Justi\u00e7a, Fl\u00e1vio Dino, sinalizou que a interven\u00e7\u00e3o federal na Seguran\u00e7a Publica do DF pode terminar antes de 31 de janeiro.\u00a0 Ele declarou que espera que seja poss\u00edvel o mais breve o retorno do comando da \u00e1rea ao GDF. No caso, agora, \u00e0 governadora em exerc\u00edcio, Celina Le\u00e3o. \u201cEstamos conversando com a Celina no sentido [&hellip;]<\/p>\n","protected":false},"author":125,"featured_media":11445,"comment_status":"open","ping_status":"open","sticky":false,"template":"","format":"standard","meta":{"footnotes":""},"categories":[6],"tags":[1358,1760,1689,41],"class_list":["post-11436","post","type-post","status-publish","format-standard","has-post-thumbnail","hentry","category-coluna-capital-s-a","tag-celinaleao","tag-intervencao","tag-pedido","tag-stf"],"_links":{"self":[{"href":"https:\/\/blogs.correiobraziliense.com.br\/capital-sa\/wp-json\/wp\/v2\/posts\/11436","targetHints":{"allow":["GET"]}}],"collection":[{"href":"https:\/\/blogs.correiobraziliense.com.br\/capital-sa\/wp-json\/wp\/v2\/posts"}],"about":[{"href":"https:\/\/blogs.correiobraziliense.com.br\/capital-sa\/wp-json\/wp\/v2\/types\/post"}],"author":[{"embeddable":true,"href":"https:\/\/blogs.correiobraziliense.com.br\/capital-sa\/wp-json\/wp\/v2\/users\/125"}],"replies":[{"embeddable":true,"href":"https:\/\/blogs.correiobraziliense.com.br\/capital-sa\/wp-json\/wp\/v2\/comments?post=11436"}],"version-history":[{"count":16,"href":"https:\/\/blogs.correiobraziliense.com.br\/capital-sa\/wp-json\/wp\/v2\/posts\/11436\/revisions"}],"predecessor-version":[{"id":11510,"href":"https:\/\/blogs.correiobraziliense.com.br\/capital-sa\/wp-json\/wp\/v2\/posts\/11436\/revisions\/11510"}],"wp:featuredmedia":[{"embeddable":true,"href":"https:\/\/blogs.correiobraziliense.com.br\/capital-sa\/wp-json\/wp\/v2\/media\/11445"}],"wp:attachment":[{"href":"https:\/\/blogs.correiobraziliense.com.br\/capital-sa\/wp-json\/wp\/v2\/media?parent=11436"}],"wp:term":[{"taxonomy":"category","embeddable":true,"href":"https:\/\/blogs.correiobraziliense.com.br\/capital-sa\/wp-json\/wp\/v2\/categories?post=11436"},{"taxonomy":"post_tag","embeddable":true,"href":"https:\/\/blogs.correiobraziliense.com.br\/capital-sa\/wp-json\/wp\/v2\/tags?post=11436"}],"curies":[{"name":"wp","href":"https:\/\/api.w.org\/{rel}","templated":true}]}}