{"id":11397,"date":"2023-01-12T15:24:10","date_gmt":"2023-01-12T18:24:10","guid":{"rendered":"https:\/\/blogs.correiobraziliense.com.br\/capital-sa\/?p=11397"},"modified":"2023-01-16T11:10:57","modified_gmt":"2023-01-16T14:10:57","slug":"geraldo-magela-sera-vice-presidente-de-governo-da-caixa","status":"publish","type":"post","link":"https:\/\/blogs.correiobraziliense.com.br\/capital-sa\/2023\/01\/12\/geraldo-magela-sera-vice-presidente-de-governo-da-caixa\/","title":{"rendered":"Geraldo Magela ser\u00e1 vice-presidente de Governo da Caixa"},"content":{"rendered":"<p><b>Por Samanta Sallum\u00a0<\/b><\/p>\n<p class=\"p1\"><span class=\"s1\">Mais um nome importante da pol\u00edtica do Distrito Federal assumir\u00e1 cargo no alto escal\u00e3o do governo Lula (PT).\u00a0<\/span>O ex-deputado federal e ex-secret\u00e1rio de Habita\u00e7\u00e3o do GDF Geraldo Magela ser\u00e1 o novo vice-presidente de Rela\u00e7\u00f5es Governamentais da Caixa Econ\u00f4mica Federal (CEF).<\/p>\n<p class=\"p1\"><span class=\"s1\">Magela \u00e9 petista e foi relator do Or\u00e7amento da Uni\u00e3o no Congresso no \u00faltimo mandato de Lula, na virada de 2009 para 2010. Pela experi\u00eancia pol\u00edtica e tamb\u00e9m t\u00e9cnica, pois exerceu a profiss\u00e3o de banc\u00e1rio como concursado do Banco do Brasil, foi escolhido para o cargo.<\/span><\/p>\n<p class=\"p1\"><span class=\"s1\">A vice-presid\u00eancia de Governo da CEF estava sendo bastante disputada por partidos da base de Lula. Ela cuida de toda a interlocu\u00e7\u00e3o do banco com os estados e munic\u00edpios. E passam por l\u00e1 programas de financiamento de obras em geral, saneamento e at\u00e9 o Bolsa-Fam\u00edlia. <\/span><\/p>\n","protected":false},"excerpt":{"rendered":"<p>Por Samanta Sallum\u00a0 Mais um nome importante da pol\u00edtica do Distrito Federal assumir\u00e1 cargo no alto escal\u00e3o do governo Lula (PT).\u00a0O ex-deputado federal e ex-secret\u00e1rio de Habita\u00e7\u00e3o do GDF Geraldo Magela ser\u00e1 o novo vice-presidente de Rela\u00e7\u00f5es Governamentais da Caixa Econ\u00f4mica Federal (CEF). Magela \u00e9 petista e foi relator do Or\u00e7amento da Uni\u00e3o no Congresso no \u00faltimo mandato de Lula, [&hellip;]<\/p>\n","protected":false},"author":125,"featured_media":11400,"comment_status":"open","ping_status":"open","sticky":false,"template":"","format":"standard","meta":{"footnotes":""},"categories":[6],"tags":[1331,1753,1268,1165,1754],"class_list":["post-11397","post","type-post","status-publish","format-standard","has-post-thumbnail","hentry","category-coluna-capital-s-a","tag-caixa","tag-geraldomagela","tag-governo","tag-lula","tag-vicepresidente"],"_links":{"self":[{"href":"https:\/\/blogs.correiobraziliense.com.br\/capital-sa\/wp-json\/wp\/v2\/posts\/11397","targetHints":{"allow":["GET"]}}],"collection":[{"href":"https:\/\/blogs.correiobraziliense.com.br\/capital-sa\/wp-json\/wp\/v2\/posts"}],"about":[{"href":"https:\/\/blogs.correiobraziliense.com.br\/capital-sa\/wp-json\/wp\/v2\/types\/post"}],"author":[{"embeddable":true,"href":"https:\/\/blogs.correiobraziliense.com.br\/capital-sa\/wp-json\/wp\/v2\/users\/125"}],"replies":[{"embeddable":true,"href":"https:\/\/blogs.correiobraziliense.com.br\/capital-sa\/wp-json\/wp\/v2\/comments?post=11397"}],"version-history":[{"count":6,"href":"https:\/\/blogs.correiobraziliense.com.br\/capital-sa\/wp-json\/wp\/v2\/posts\/11397\/revisions"}],"predecessor-version":[{"id":11404,"href":"https:\/\/blogs.correiobraziliense.com.br\/capital-sa\/wp-json\/wp\/v2\/posts\/11397\/revisions\/11404"}],"wp:featuredmedia":[{"embeddable":true,"href":"https:\/\/blogs.correiobraziliense.com.br\/capital-sa\/wp-json\/wp\/v2\/media\/11400"}],"wp:attachment":[{"href":"https:\/\/blogs.correiobraziliense.com.br\/capital-sa\/wp-json\/wp\/v2\/media?parent=11397"}],"wp:term":[{"taxonomy":"category","embeddable":true,"href":"https:\/\/blogs.correiobraziliense.com.br\/capital-sa\/wp-json\/wp\/v2\/categories?post=11397"},{"taxonomy":"post_tag","embeddable":true,"href":"https:\/\/blogs.correiobraziliense.com.br\/capital-sa\/wp-json\/wp\/v2\/tags?post=11397"}],"curies":[{"name":"wp","href":"https:\/\/api.w.org\/{rel}","templated":true}]}}