{"id":11393,"date":"2023-01-12T08:42:10","date_gmt":"2023-01-12T11:42:10","guid":{"rendered":"https:\/\/blogs.correiobraziliense.com.br\/capital-sa\/?p=11393"},"modified":"2023-01-12T08:42:10","modified_gmt":"2023-01-12T11:42:10","slug":"embrapa-lanca-perfil-nas-redes-sociais-dedicado-as-pancs","status":"publish","type":"post","link":"https:\/\/blogs.correiobraziliense.com.br\/capital-sa\/2023\/01\/12\/embrapa-lanca-perfil-nas-redes-sociais-dedicado-as-pancs\/","title":{"rendered":"Embrapa lan\u00e7a perfil nas redes sociais dedicado \u00e0s PANCs"},"content":{"rendered":"<p><strong>Coluna Capital S\/A, por Ana Dubeux (interina)<\/strong><\/p>\n<p>Que a Embrapa \u00e9 uma fonte inesgot\u00e1vel de conhecimento, todos sabemos, o que \u00e9 novidade para muitos \u00e9 o mais novo perfil no Instagram sobre Hortali\u00e7as PANC (plantas aliment\u00edcias n\u00e3o convencionais) do pesquisador <em>@warleymarcosnascimento<\/em>. Toda semana ele apresenta uma PANC nova. Esta semana \u00e9 capuchinha, cujo nome remete \u00e0 folha que, vista da parte dorsal, lembra a forma de um capuz. Estas flores, al\u00e9m de decorar os pratos, s\u00e3o comest\u00edveis\u2026 Quer aprender a receita de charutos de folhas de capuchinha? Siga o perfil.<\/p>\n<h3><strong>Para amantes de vinhos<\/strong><\/h3>\n<p>Uma boa novidade para os amantes de vinho \u00e9 o novo espa\u00e7o que ser\u00e1 inaugurado na Villa Triacca Eco Pousada e Vinhos, no Pad-DF. Encrustado entre vinhedos e o cerrado nativo, com uma vista deslumbrante do vale, somados \u00e0 bel\u00edssima arquitetura da edifica\u00e7\u00e3o, faz o visitante se sentir na Toscana. A Cave Triacca Vino Bar nasce com a ideia de ser um local para degusta\u00e7\u00e3o dos vinhos da marca Villa Triacca, harmonizando com del\u00edcias gastron\u00f4micas como bruschettas, queijos e produtos da charcutaria regional, tudo em total sintonia com o ambiente vitivin\u00edcola, como muitos wine graden mundo afora. Al\u00e9m disso, atender\u00e1 grupos (com reserva), degusta\u00e7\u00f5es harmonizadas, estando dispon\u00edvel tamb\u00e9m a loca\u00e7\u00e3o do espa\u00e7o para eventos corporativos e sociais como casamentos, anivers\u00e1rios, dentre outros.<\/p>\n<p><strong>Mundo inclusivo<br \/>\n<\/strong>O Sesc de Taguatinga est\u00e1 promovendo, neste m\u00eas, um belo projeto de est\u00edmulo \u00e0 leitura para as crian\u00e7as. \u00c9 a Biblioteca itinerante, batizada de Bliosesc, que pode ser utilizada pelo p\u00fablico que frequenta as depend\u00eancias do clube, todos os dias, inclusive aos s\u00e1bados e domingos, das 8h \u00e0s 15h. A atra\u00e7\u00e3o s\u00e3o os livros, mas a equipe pedag\u00f3gica do Sesc preparou uma s\u00e9rie de atividades criativas para facilitar o contato com a arte e a integra\u00e7\u00e3o das crian\u00e7as. A biblioteca tem um acervo amplo, com muitas op\u00e7\u00f5es e oferece empr\u00e9stimo de livros com acessibilidade, em preto e branco, para quem tem daltonia, com lupas para quem tem outros problemas visuais, livros em 3D, interativos, livros para banhos e livros acolchoados. Enfim, muitas op\u00e7\u00f5es para proporcionar o prazer da leitura e intera\u00e7\u00e3o com a literatura.<\/p>\n<p><strong>Mais m\u00e9dico no DF<br \/>\n<\/strong>Profissionais de sa\u00fade do DF est\u00e3o na expectativa da nomea\u00e7\u00e3o, ainda neste semestre, de mais de 1,4 mil aprovados em concursos p\u00fablicos. A secret\u00e1ria de Sa\u00fade, Lucilene Queiroz, afirmou \u00e0 presidente do sindicato da categoria, Marli Rodrigues, que o processo est\u00e1 na fase final. &#8220;Estamos fazendo os \u00faltimos ajustes na Secretaria de Economia para que haja a assinatura da contrata\u00e7\u00e3o&#8221;, disse. As nomea\u00e7\u00f5es incluir\u00e3o 508 m\u00e9dicos, 150 dentistas, 303 enfermeiros, 186 farmac\u00eauticos e 24 t\u00e9cnicos, al\u00e9m de profissionais de outras \u00e1reas, como comunica\u00e7\u00e3o, administra\u00e7\u00e3o e TI.<\/p>\n<p><strong>O combinado n\u00e3o sai caro<br \/>\n<\/strong>Os puxadinhos da Asa Sul dominaram a pauta da visita da diretoria do Sindhobar ao secret\u00e1rio de Turismo, Cristiano Ara\u00fajo. O sindicato pediu ao ex-distrital empenho nas negocia\u00e7\u00f5es para que a C\u00e2mara Legislativa cumpra a regulamenta\u00e7\u00e3o da lei de ocupa\u00e7\u00e3o das \u00e1reas p\u00fablicas nos com\u00e9rcios.<\/p>\n<p><strong>Desburocratizar<br \/>\n<\/strong>A CNI recomendou ao vice- presidente e ministro da Ind\u00fastria e Com\u00e9rcio, Geraldo Alckmin, a otimiza\u00e7\u00e3o de recursos para inova\u00e7\u00e3o em quatro fundos setoriais. O est\u00edmulo \u00e0 agenda de inova\u00e7\u00e3o \u00e9 um dos t\u00f3picos do documento de propostas da ind\u00fastria para os 100 primeiros dias do novo governo.<\/p>\n<p>&nbsp;<\/p>\n","protected":false},"excerpt":{"rendered":"<p>Toda semana ele apresenta uma PANC nova. Esta semana \u00e9 capuchinha, cujo nome remete \u00e0 folha que, vista da parte dorsal, lembra a forma de um capuz<\/p>\n","protected":false},"author":125,"featured_media":11394,"comment_status":"open","ping_status":"open","sticky":false,"template":"","format":"standard","meta":{"footnotes":""},"categories":[6],"tags":[67,1750,1747,1749,1748],"class_list":["post-11393","post","type-post","status-publish","format-standard","has-post-thumbnail","hentry","category-coluna-capital-s-a","tag-embrapa","tag-mais-medico","tag-panc","tag-sesc-de-taguatinga","tag-vinho"],"_links":{"self":[{"href":"https:\/\/blogs.correiobraziliense.com.br\/capital-sa\/wp-json\/wp\/v2\/posts\/11393","targetHints":{"allow":["GET"]}}],"collection":[{"href":"https:\/\/blogs.correiobraziliense.com.br\/capital-sa\/wp-json\/wp\/v2\/posts"}],"about":[{"href":"https:\/\/blogs.correiobraziliense.com.br\/capital-sa\/wp-json\/wp\/v2\/types\/post"}],"author":[{"embeddable":true,"href":"https:\/\/blogs.correiobraziliense.com.br\/capital-sa\/wp-json\/wp\/v2\/users\/125"}],"replies":[{"embeddable":true,"href":"https:\/\/blogs.correiobraziliense.com.br\/capital-sa\/wp-json\/wp\/v2\/comments?post=11393"}],"version-history":[{"count":1,"href":"https:\/\/blogs.correiobraziliense.com.br\/capital-sa\/wp-json\/wp\/v2\/posts\/11393\/revisions"}],"predecessor-version":[{"id":11395,"href":"https:\/\/blogs.correiobraziliense.com.br\/capital-sa\/wp-json\/wp\/v2\/posts\/11393\/revisions\/11395"}],"wp:featuredmedia":[{"embeddable":true,"href":"https:\/\/blogs.correiobraziliense.com.br\/capital-sa\/wp-json\/wp\/v2\/media\/11394"}],"wp:attachment":[{"href":"https:\/\/blogs.correiobraziliense.com.br\/capital-sa\/wp-json\/wp\/v2\/media?parent=11393"}],"wp:term":[{"taxonomy":"category","embeddable":true,"href":"https:\/\/blogs.correiobraziliense.com.br\/capital-sa\/wp-json\/wp\/v2\/categories?post=11393"},{"taxonomy":"post_tag","embeddable":true,"href":"https:\/\/blogs.correiobraziliense.com.br\/capital-sa\/wp-json\/wp\/v2\/tags?post=11393"}],"curies":[{"name":"wp","href":"https:\/\/api.w.org\/{rel}","templated":true}]}}