{"id":1139,"date":"2020-12-28T08:05:43","date_gmt":"2020-12-28T11:05:43","guid":{"rendered":"https:\/\/blogs.correiobraziliense.com.br\/capital-sa\/?p=1139"},"modified":"2020-12-28T10:21:41","modified_gmt":"2020-12-28T13:21:41","slug":"obras-em-andamento-aquecem-economia","status":"publish","type":"post","link":"https:\/\/blogs.correiobraziliense.com.br\/capital-sa\/2020\/12\/28\/obras-em-andamento-aquecem-economia\/","title":{"rendered":"Obras em andamento aquecem economia"},"content":{"rendered":"<p>Empres\u00e1rios fazem balan\u00e7o de 2020 para 2021. A constru\u00e7\u00e3o civil no DF conseguiu atravessar a pandemia sem parar as atividades. E foi respons\u00e1vel por garantir empregos e ajudar setores de servi\u00e7os e com\u00e9rcio relacionados \u00e0 moradia. O empres\u00e1rio Paulo Oct\u00e1vio afirma que uma grande cadeia produtiva \u00e9 estimulada com a realiza\u00e7\u00e3o de obras.<\/p>\n<p>Segundo ele, com as medidas de precau\u00e7\u00e3o tomadas, o \u00edndice de contamina\u00e7\u00e3o foi baixo entre os trabalhadores. &#8220;Temos 1,5 mil oper\u00e1rios trabalhando, registramos apenas 40 casos de Covid, todos de forma leve e que foram tratados. Garantimos m\u00e9dicos de plant\u00e3o nas obras. E, assim, foi poss\u00edvel manter muitos empregos e parte da economia local funcionando\u201d, aponta.<\/p>\n<h3>Melhor investimento<\/h3>\n<p>Atualmente a construtora Paulo Oct\u00e1vio realiza 13 grandes obras no DF. O empres\u00e1rio afirma que o mercado imobili\u00e1rio esteve aquecido em 2020 devido \u00e0s condi\u00e7\u00f5es muito boas de financiamento de im\u00f3vel. E tamb\u00e9m se confirmando com a melhor rentabilidade comparada a de outros investimentos.<\/p>\n<p>&nbsp;<\/p>\n<h3>Esperan\u00e7a da vacina<\/h3>\n<p><img loading=\"lazy\" decoding=\"async\" class=\"aligncenter size-medium wp-image-1144\" src=\"https:\/\/blogs.correiobraziliense.com.br\/capital-sa\/wp-content\/uploads\/sites\/59\/2020\/12\/po-283x300.jpg\" alt=\"\" width=\"283\" height=\"300\" srcset=\"https:\/\/blogs.correiobraziliense.com.br\/capital-sa\/wp-content\/uploads\/sites\/59\/2020\/12\/po-283x300.jpg 283w, https:\/\/blogs.correiobraziliense.com.br\/capital-sa\/wp-content\/uploads\/sites\/59\/2020\/12\/po-550x584.jpg 550w, https:\/\/blogs.correiobraziliense.com.br\/capital-sa\/wp-content\/uploads\/sites\/59\/2020\/12\/po-230x244.jpg 230w, https:\/\/blogs.correiobraziliense.com.br\/capital-sa\/wp-content\/uploads\/sites\/59\/2020\/12\/po.jpg 621w\" sizes=\"auto, (max-width: 283px) 100vw, 283px\" \/><\/p>\n<blockquote><p>&#8220;Em 2020, todos perceberam a fragilidade do ser humano. A fam\u00edlia, os amigos, a solidariedade entre as pessoas, tudo isso passou a ser mais valorizado. Minha gera\u00e7\u00e3o, pela primeira vez, enfrenta uma guerra mundial, neste caso contra um v\u00edrus&#8221;, diz <strong>Paulo Oct\u00e1vio<\/strong>.<\/p><\/blockquote>\n<p>Para 2021, a vacina \u00e9 a esperan\u00e7a de todos, segundo ele.<\/p>\n<blockquote><p>&#8220;Eu estou otimista. Acredito que as pessoas, assim que poss\u00edvel, v\u00e3o querer voltar a viver plenamente, por\u00e9m com h\u00e1bitos mais saud\u00e1veis, valorizando mais o bem-estar e os bons momentos.&#8221;<\/p><\/blockquote>\n<p>&nbsp;<\/p>\n<p><img loading=\"lazy\" decoding=\"async\" class=\"aligncenter size-medium wp-image-1140\" src=\"https:\/\/blogs.correiobraziliense.com.br\/capital-sa\/wp-content\/uploads\/sites\/59\/2020\/12\/ho-300x295.jpg\" alt=\"\" width=\"300\" height=\"295\" srcset=\"https:\/\/blogs.correiobraziliense.com.br\/capital-sa\/wp-content\/uploads\/sites\/59\/2020\/12\/ho-300x295.jpg 300w, https:\/\/blogs.correiobraziliense.com.br\/capital-sa\/wp-content\/uploads\/sites\/59\/2020\/12\/ho-230x226.jpg 230w, https:\/\/blogs.correiobraziliense.com.br\/capital-sa\/wp-content\/uploads\/sites\/59\/2020\/12\/ho.jpg 342w\" sizes=\"auto, (max-width: 300px) 100vw, 300px\" \/><\/p>\n","protected":false},"excerpt":{"rendered":"<p>Empres\u00e1rios fazem balan\u00e7o de 2020 para 2021. A constru\u00e7\u00e3o civil no DF conseguiu atravessar a pandemia sem parar as atividades. E foi respons\u00e1vel por garantir empregos e ajudar setores de servi\u00e7os e com\u00e9rcio relacionados \u00e0 moradia. O empres\u00e1rio Paulo Oct\u00e1vio afirma que uma grande cadeia produtiva \u00e9 estimulada com a realiza\u00e7\u00e3o de obras. Segundo ele, com as medidas de precau\u00e7\u00e3o [&hellip;]<\/p>\n","protected":false},"author":125,"featured_media":1141,"comment_status":"open","ping_status":"open","sticky":false,"template":"","format":"standard","meta":{"footnotes":""},"categories":[6],"tags":[276,158,371,112,5],"class_list":["post-1139","post","type-post","status-publish","format-standard","has-post-thumbnail","hentry","category-coluna-capital-s-a","tag-economia","tag-empregos","tag-obras","tag-paulooctavio","tag-pandemia"],"_links":{"self":[{"href":"https:\/\/blogs.correiobraziliense.com.br\/capital-sa\/wp-json\/wp\/v2\/posts\/1139","targetHints":{"allow":["GET"]}}],"collection":[{"href":"https:\/\/blogs.correiobraziliense.com.br\/capital-sa\/wp-json\/wp\/v2\/posts"}],"about":[{"href":"https:\/\/blogs.correiobraziliense.com.br\/capital-sa\/wp-json\/wp\/v2\/types\/post"}],"author":[{"embeddable":true,"href":"https:\/\/blogs.correiobraziliense.com.br\/capital-sa\/wp-json\/wp\/v2\/users\/125"}],"replies":[{"embeddable":true,"href":"https:\/\/blogs.correiobraziliense.com.br\/capital-sa\/wp-json\/wp\/v2\/comments?post=1139"}],"version-history":[{"count":5,"href":"https:\/\/blogs.correiobraziliense.com.br\/capital-sa\/wp-json\/wp\/v2\/posts\/1139\/revisions"}],"predecessor-version":[{"id":1152,"href":"https:\/\/blogs.correiobraziliense.com.br\/capital-sa\/wp-json\/wp\/v2\/posts\/1139\/revisions\/1152"}],"wp:featuredmedia":[{"embeddable":true,"href":"https:\/\/blogs.correiobraziliense.com.br\/capital-sa\/wp-json\/wp\/v2\/media\/1141"}],"wp:attachment":[{"href":"https:\/\/blogs.correiobraziliense.com.br\/capital-sa\/wp-json\/wp\/v2\/media?parent=1139"}],"wp:term":[{"taxonomy":"category","embeddable":true,"href":"https:\/\/blogs.correiobraziliense.com.br\/capital-sa\/wp-json\/wp\/v2\/categories?post=1139"},{"taxonomy":"post_tag","embeddable":true,"href":"https:\/\/blogs.correiobraziliense.com.br\/capital-sa\/wp-json\/wp\/v2\/tags?post=1139"}],"curies":[{"name":"wp","href":"https:\/\/api.w.org\/{rel}","templated":true}]}}