{"id":11386,"date":"2023-01-11T11:53:08","date_gmt":"2023-01-11T14:53:08","guid":{"rendered":"https:\/\/blogs.correiobraziliense.com.br\/capital-sa\/?p=11386"},"modified":"2023-01-11T11:55:12","modified_gmt":"2023-01-11T14:55:12","slug":"unecs-e-governo-federal-juntos-por-mais-empregos","status":"publish","type":"post","link":"https:\/\/blogs.correiobraziliense.com.br\/capital-sa\/2023\/01\/11\/unecs-e-governo-federal-juntos-por-mais-empregos\/","title":{"rendered":"UNECS e governo federal juntos por mais empregos"},"content":{"rendered":"<p><strong>Coluna Capital S\/A, por Ana Dubeux (interina)<\/strong><\/p>\n<p>O Instituto Uni\u00e3o Nacional de Entidades do Com\u00e9rcio e Servi\u00e7os (UNECS) se reuniu, ontem, em Bras\u00edlia, com o vice-presidente da Rep\u00fablica e ministro da Ind\u00fastria, Com\u00e9rcio (MDIC), Geraldo Alckmin, com o objetivo sedimentar a aproxima\u00e7\u00e3o das maiores entidades de livre ades\u00e3o do Brasil junto ao novo governo. &#8220;UNECS \u00e9 emprego. A casa \u00e9 de voc\u00eas&#8221;, afirmou Alckmin.<\/p>\n<h3>Desafio para startups<\/h3>\n<p>O mais novo xod\u00f3 da Embrapa \u00e9 o ColmeiaUP, um programa de inova\u00e7\u00e3o aberta de Recursos Gen\u00e9ticos e Biotecnologia, que quer estimular empreendedores a transformar ideias em solu\u00e7\u00f5es tecnol\u00f3gicas sustent\u00e1veis para o Agroneg\u00f3cio. Dirigido a empres\u00e1rios, o programa ser\u00e1 um evento virtual e ser\u00e1 realizado em 8 e 9 de mar\u00e7o.<\/p>\n<p><strong>Depois do vendaval<br \/>\n<\/strong>A nova presidente da Caixa Econ\u00f4mica, Rita Serrano, escolheu uma data emblem\u00e1tica para tomar posse. Amanh\u00e3, dia em que o banco completa 162 anos de atividades, \u00e0s 18h, Teatro Caixa Cultura, ela receber\u00e1 os cumprimentos de amigos e autoridades.<\/p>\n<p><strong>Transforma\u00e7\u00e3o digital j\u00e1!<br \/>\n<\/strong>O Movimento Brasil Competitivo (MBC) lan\u00e7ou o estudo &#8220;Transforma\u00e7\u00e3o digital, produtividade e crescimento econ\u00f4mico&#8221;, mostrando que, nos \u00faltimos cinco anos, a oferta digital brasileira cresceu, em m\u00e9dia, 5,7%, enquanto esse mesmo mercado nos EUA aumentou 7,1%. A partir da amplia\u00e7\u00e3o da oferta digital nos patamares da economia americana, a maior digitaliza\u00e7\u00e3o dos setores seria capaz de gerar um aumento de R$ 422,7 bilh\u00f5es na economia brasileira. Se cheg\u00e1ssemos ao patamar atual de representatividade da economia americana, calculado em 10,2% em 2020, o Brasil teria um incremento de R$ 1,12 trilh\u00e3o na economia. &#8220;Esses resultados refor\u00e7am o potencial e a urg\u00eancia da nossa agenda&#8221;, diz Tatiana Ribeiro, diretora-executiva do MBC.<\/p>\n<p><strong>Guia dos direitos do passageiro<br \/>\n<\/strong>Para quem viaja de avi\u00e3o, a AirHelp, tradicional empresa que trabalha com os direitos dos passageiros de companhias a\u00e9reas, est\u00e1 lan\u00e7ando edi\u00e7\u00e3o atualizada do &#8220;Guia dos direitos do passageiro a\u00e9reo&#8221;. L\u00e1, voc\u00ea encontrar\u00e1 um manual escrito em linguagem direta, com as dicas para saber como lidar com as situa\u00e7\u00f5es mais comuns que podem ocorrer nas viagens. O cancelamento do voo, o extravio da bagagem, a danifica\u00e7\u00e3o da bagagem, as mudan\u00e7as de hor\u00e1rio e os pedidos de indeniza\u00e7\u00e3o por perdas s\u00e3o alguns dos temas abordados. O Guia dos direitos do passageiro a\u00e9reo est\u00e1 dispon\u00edvel, gratuitamente, na internet.<\/p>\n<p><strong>Habilita\u00e7\u00e3o para programas sociais<br \/>\n<\/strong>Com a fus\u00e3o das pastas do Trabalho e do Desenvolvimento Econ\u00f4mico, o secret\u00e1rio Thales Mendes corre contra o tempo para colocar em dia o cadastro das empresas habilitadas a fornecer produto e servi\u00e7os para os programas Cart\u00e3o Material Escolar e Aux\u00edlio Creche. Cabia a antiga a SDE habilitar as papelarias e lojas, al\u00e9m das institui\u00e7\u00f5es que cuidam das crian\u00e7as. Queremos ampliar esse cadastro mas seguido todos os requisitos exigidos.<\/p>\n","protected":false},"excerpt":{"rendered":"<p>O UNECS se reuniu com o vice-presidente Geraldo Alckmin com o objetivo de sedimentar a aproxima\u00e7\u00e3o entre a entidade e o governo federal<\/p>\n","protected":false},"author":125,"featured_media":11387,"comment_status":"open","ping_status":"open","sticky":false,"template":"","format":"standard","meta":{"footnotes":""},"categories":[6],"tags":[],"class_list":["post-11386","post","type-post","status-publish","format-standard","has-post-thumbnail","hentry","category-coluna-capital-s-a"],"_links":{"self":[{"href":"https:\/\/blogs.correiobraziliense.com.br\/capital-sa\/wp-json\/wp\/v2\/posts\/11386","targetHints":{"allow":["GET"]}}],"collection":[{"href":"https:\/\/blogs.correiobraziliense.com.br\/capital-sa\/wp-json\/wp\/v2\/posts"}],"about":[{"href":"https:\/\/blogs.correiobraziliense.com.br\/capital-sa\/wp-json\/wp\/v2\/types\/post"}],"author":[{"embeddable":true,"href":"https:\/\/blogs.correiobraziliense.com.br\/capital-sa\/wp-json\/wp\/v2\/users\/125"}],"replies":[{"embeddable":true,"href":"https:\/\/blogs.correiobraziliense.com.br\/capital-sa\/wp-json\/wp\/v2\/comments?post=11386"}],"version-history":[{"count":2,"href":"https:\/\/blogs.correiobraziliense.com.br\/capital-sa\/wp-json\/wp\/v2\/posts\/11386\/revisions"}],"predecessor-version":[{"id":11389,"href":"https:\/\/blogs.correiobraziliense.com.br\/capital-sa\/wp-json\/wp\/v2\/posts\/11386\/revisions\/11389"}],"wp:featuredmedia":[{"embeddable":true,"href":"https:\/\/blogs.correiobraziliense.com.br\/capital-sa\/wp-json\/wp\/v2\/media\/11387"}],"wp:attachment":[{"href":"https:\/\/blogs.correiobraziliense.com.br\/capital-sa\/wp-json\/wp\/v2\/media?parent=11386"}],"wp:term":[{"taxonomy":"category","embeddable":true,"href":"https:\/\/blogs.correiobraziliense.com.br\/capital-sa\/wp-json\/wp\/v2\/categories?post=11386"},{"taxonomy":"post_tag","embeddable":true,"href":"https:\/\/blogs.correiobraziliense.com.br\/capital-sa\/wp-json\/wp\/v2\/tags?post=11386"}],"curies":[{"name":"wp","href":"https:\/\/api.w.org\/{rel}","templated":true}]}}