{"id":11383,"date":"2023-01-11T11:44:03","date_gmt":"2023-01-11T14:44:03","guid":{"rendered":"https:\/\/blogs.correiobraziliense.com.br\/capital-sa\/?p=11383"},"modified":"2023-01-11T11:44:03","modified_gmt":"2023-01-11T14:44:03","slug":"empresarios-temem-impacto-na-economia","status":"publish","type":"post","link":"https:\/\/blogs.correiobraziliense.com.br\/capital-sa\/2023\/01\/11\/empresarios-temem-impacto-na-economia\/","title":{"rendered":"Empres\u00e1rios temem impacto na economia"},"content":{"rendered":"<p><strong>Coluna Capital S\/A, por Ana Dubeux (Interina)<\/strong><\/p>\n<p>Os atos terroristas de domingo se inscrevem entre os mais b\u00e1rbaros contra os poderes da Rep\u00fablica na hist\u00f3ria brasileira e exigem puni\u00e7\u00e3o rigorosa dos autores, por a\u00e7\u00e3o ou ina\u00e7\u00e3o. Mas, ao mesmo tempo, empres\u00e1rios e representantes da sociedade civil querem separar o joio do trigo e evitar a perda das conquistas pol\u00edticas e administrativas do DF, e a consequente inani\u00e7\u00e3o de Bras\u00edlia como capital.<\/p>\n<p>Sem preju\u00edzo do processo de investiga\u00e7\u00e3o e de puni\u00e7\u00e3o dos respons\u00e1veis pela trag\u00e9dia c\u00edvica, esses setores desejam evitar que a aus\u00eancia do governador e a expectativa do retorno ao cargo n\u00e3o inibam a economia local. O ex-governador, ex-senador, ex-reitor da UnB, Cristovam Buarque, \u00e9 um dos nomes que defende a tese capitaneada por 9 em 10 lideran\u00e7as econ\u00f4micas e pol\u00edticas da cidade.<\/p>\n<p>A interven\u00e7\u00e3o na \u00e1rea de seguran\u00e7a \u00e9 tempor\u00e1ria, termina dia 31. E foi uma decis\u00e3o do Executivo Federal, do presidente Lula. N\u00e3o atingiu os poderes Executivo e Legislativo local. A decis\u00e3o do afastamento do governador veio de outra fonte, o Judici\u00e1rio, e ter\u00e1 mais desdobramentos pol\u00edticos. Foi uma decis\u00e3o grave. Ibaneis ter\u00e1 tr\u00eas meses para provar (ou n\u00e3o) sua inoc\u00eancia junto ao Judici\u00e1rio. H\u00e1 uma quest\u00e3o legal a ser vista: se o afastamento de Ibaneis for definitivo, haver\u00e1 nova elei\u00e7\u00e3o, ou Celina assume at\u00e9 o fim do mandato?<\/p>\n<p>A autonomia pol\u00edtica de Bras\u00edlia precisa ser preservada.<\/p>\n<p>&nbsp;<\/p>\n","protected":false},"excerpt":{"rendered":"<p>Empres\u00e1rios e representantes da sociedade civil querem separar o joio do trigo e evitar a perda das conquistas pol\u00edticas e administrativas do DF<\/p>\n","protected":false},"author":125,"featured_media":11384,"comment_status":"open","ping_status":"open","sticky":false,"template":"","format":"standard","meta":{"footnotes":""},"categories":[6],"tags":[1744,10],"class_list":["post-11383","post","type-post","status-publish","format-standard","has-post-thumbnail","hentry","category-coluna-capital-s-a","tag-atos-antidemocraticos","tag-comercio"],"_links":{"self":[{"href":"https:\/\/blogs.correiobraziliense.com.br\/capital-sa\/wp-json\/wp\/v2\/posts\/11383","targetHints":{"allow":["GET"]}}],"collection":[{"href":"https:\/\/blogs.correiobraziliense.com.br\/capital-sa\/wp-json\/wp\/v2\/posts"}],"about":[{"href":"https:\/\/blogs.correiobraziliense.com.br\/capital-sa\/wp-json\/wp\/v2\/types\/post"}],"author":[{"embeddable":true,"href":"https:\/\/blogs.correiobraziliense.com.br\/capital-sa\/wp-json\/wp\/v2\/users\/125"}],"replies":[{"embeddable":true,"href":"https:\/\/blogs.correiobraziliense.com.br\/capital-sa\/wp-json\/wp\/v2\/comments?post=11383"}],"version-history":[{"count":1,"href":"https:\/\/blogs.correiobraziliense.com.br\/capital-sa\/wp-json\/wp\/v2\/posts\/11383\/revisions"}],"predecessor-version":[{"id":11385,"href":"https:\/\/blogs.correiobraziliense.com.br\/capital-sa\/wp-json\/wp\/v2\/posts\/11383\/revisions\/11385"}],"wp:featuredmedia":[{"embeddable":true,"href":"https:\/\/blogs.correiobraziliense.com.br\/capital-sa\/wp-json\/wp\/v2\/media\/11384"}],"wp:attachment":[{"href":"https:\/\/blogs.correiobraziliense.com.br\/capital-sa\/wp-json\/wp\/v2\/media?parent=11383"}],"wp:term":[{"taxonomy":"category","embeddable":true,"href":"https:\/\/blogs.correiobraziliense.com.br\/capital-sa\/wp-json\/wp\/v2\/categories?post=11383"},{"taxonomy":"post_tag","embeddable":true,"href":"https:\/\/blogs.correiobraziliense.com.br\/capital-sa\/wp-json\/wp\/v2\/tags?post=11383"}],"curies":[{"name":"wp","href":"https:\/\/api.w.org\/{rel}","templated":true}]}}