{"id":11362,"date":"2023-01-06T11:59:40","date_gmt":"2023-01-06T14:59:40","guid":{"rendered":"https:\/\/blogs.correiobraziliense.com.br\/capital-sa\/?p=11362"},"modified":"2023-01-06T11:59:40","modified_gmt":"2023-01-06T14:59:40","slug":"talentos-de-brasilia-brilham-na-luta-anticapacitista","status":"publish","type":"post","link":"https:\/\/blogs.correiobraziliense.com.br\/capital-sa\/2023\/01\/06\/talentos-de-brasilia-brilham-na-luta-anticapacitista\/","title":{"rendered":"Talentos de Bras\u00edlia brilham na luta contra a discrimina\u00e7\u00e3o"},"content":{"rendered":"<p><strong>Coluna Capital S\/A, por Ana Dubeux (interina)<\/strong><\/p>\n<p>O talento de dois brasilienses esteve diante dos olhares do mundo na \u00faltima semana. Ao receber a faixa presidencial no domingo (1\u00ba\/1), o presidente Lula convidou oito representantes de grupos sociais que s\u00e3o o retrato do Brasil. Entre eles, esteve o influenciador digital PCD Ivan Baron. Ao subir a rampa ao lado de Lula, Ivan usou um conjunto de cal\u00e7a e blazer de alfaiataria produzidos por Victor Hugo Soulivier e Juliana Gomes da Silva, criadores do atelier Tela Ambulante. O look carregava palavras e frases de ordem como &#8220;Parem de nos excluir&#8221; e &#8220;Anticapacitismo&#8221;. Com a visibilidade, o termo que guia a luta das pessoas com defici\u00eancia contra a discrimina\u00e7\u00e3o e o preconceito teve um pico de buscas em sites de pesquisas.<\/p>\n<p><strong>Sustentabilidade e economia criativa<\/strong><br \/>\nVictor e Juliana s\u00e3o brasilienses e estudantes da UnB. O artista pl\u00e1stico e a designer de moda se juntaram em 2020 para criar o Tela Ambulante, que garimpa pe\u00e7as de roupa em brech\u00f3s e as transformam em verdadeiras obras de arte. &#8220;O Tela \u00e9 uma marca de sustentabilidade e que promove a fomenta\u00e7\u00e3o da economia local. N\u00f3s fazemos a reutiliza\u00e7\u00e3o de materiais e res\u00edduos descartados no meio ambiente, trazendo um novo valor a essas pe\u00e7as, como uma obra de arte. S\u00e3o pe\u00e7as que n\u00e3o t\u00eam g\u00eanero e podem ser usadas por todos dispostos a serem o suporte que move a arte pela cidade&#8221;, ressalta Victor.<\/p>\n<p><strong>Arte na mais importante passarela do Brasil<\/strong><br \/>\nPor meio de exposi\u00e7\u00f5es no Masp e de desfiles na Rodovi\u00e1ria de Bras\u00edlia, os brasilienses ganharam destaque e chegaram at\u00e9 o influenciador Ivan, que os contatou para pensar na produ\u00e7\u00e3o que seria usada na posse de Lula. O blazer e a cal\u00e7a j\u00e1 eram do convidado do presidente, o papel da dupla foi transformar as pe\u00e7as minimalistas em uma poderosa forma de protesto, posicionamento e comunica\u00e7\u00e3o. &#8220;N\u00f3s ressignificamos a roupa sem saber exatamente onde ela seria usada,. Eu e Juliana s\u00f3 descobrimos que ele iria fazer o repasse da faixa presidencial na hora que ele estava subindo a rampa.&#8221;<\/p>\n","protected":false},"excerpt":{"rendered":"<p>O talento de dois brasilienses esteve diante dos olhares do mundo. Lula convidou oito representantes de grupos sociais que s\u00e3o o retrato do Brasil<\/p>\n","protected":false},"author":125,"featured_media":11358,"comment_status":"open","ping_status":"open","sticky":false,"template":"","format":"standard","meta":{"footnotes":""},"categories":[6],"tags":[1741,1743,55,1742],"class_list":["post-11362","post","type-post","status-publish","format-standard","has-post-thumbnail","hentry","category-coluna-capital-s-a","tag-ivan-baron","tag-juliana-gomes-da-silva","tag-moda","tag-victor-hugo-soulivier"],"_links":{"self":[{"href":"https:\/\/blogs.correiobraziliense.com.br\/capital-sa\/wp-json\/wp\/v2\/posts\/11362","targetHints":{"allow":["GET"]}}],"collection":[{"href":"https:\/\/blogs.correiobraziliense.com.br\/capital-sa\/wp-json\/wp\/v2\/posts"}],"about":[{"href":"https:\/\/blogs.correiobraziliense.com.br\/capital-sa\/wp-json\/wp\/v2\/types\/post"}],"author":[{"embeddable":true,"href":"https:\/\/blogs.correiobraziliense.com.br\/capital-sa\/wp-json\/wp\/v2\/users\/125"}],"replies":[{"embeddable":true,"href":"https:\/\/blogs.correiobraziliense.com.br\/capital-sa\/wp-json\/wp\/v2\/comments?post=11362"}],"version-history":[{"count":1,"href":"https:\/\/blogs.correiobraziliense.com.br\/capital-sa\/wp-json\/wp\/v2\/posts\/11362\/revisions"}],"predecessor-version":[{"id":11363,"href":"https:\/\/blogs.correiobraziliense.com.br\/capital-sa\/wp-json\/wp\/v2\/posts\/11362\/revisions\/11363"}],"wp:featuredmedia":[{"embeddable":true,"href":"https:\/\/blogs.correiobraziliense.com.br\/capital-sa\/wp-json\/wp\/v2\/media\/11358"}],"wp:attachment":[{"href":"https:\/\/blogs.correiobraziliense.com.br\/capital-sa\/wp-json\/wp\/v2\/media?parent=11362"}],"wp:term":[{"taxonomy":"category","embeddable":true,"href":"https:\/\/blogs.correiobraziliense.com.br\/capital-sa\/wp-json\/wp\/v2\/categories?post=11362"},{"taxonomy":"post_tag","embeddable":true,"href":"https:\/\/blogs.correiobraziliense.com.br\/capital-sa\/wp-json\/wp\/v2\/tags?post=11362"}],"curies":[{"name":"wp","href":"https:\/\/api.w.org\/{rel}","templated":true}]}}