{"id":1136,"date":"2020-12-28T10:24:32","date_gmt":"2020-12-28T13:24:32","guid":{"rendered":"https:\/\/blogs.correiobraziliense.com.br\/capital-sa\/?p=1136"},"modified":"2020-12-28T10:23:07","modified_gmt":"2020-12-28T13:23:07","slug":"setor-produtivo-quer-mais-prazo-para-pagar-imposto","status":"publish","type":"post","link":"https:\/\/blogs.correiobraziliense.com.br\/capital-sa\/2020\/12\/28\/setor-produtivo-quer-mais-prazo-para-pagar-imposto\/","title":{"rendered":"Setor produtivo quer mais prazo para pagar imposto"},"content":{"rendered":"<p>O F\u00f3rum do Setor Produtivo do Distrito Federal encaminhou ao governador Ibaneis Rocha documento pleiteando o n\u00e3o reajuste do IPTU em 2021 e o parcelamento em, no m\u00ednimo, 10 vezes do pagamento do imposto. O documento \u00e9 assinado pelos presidentes das seis entidades que fazem parte do f\u00f3rum. S\u00e3o elas: Federa\u00e7\u00f5es da Ind\u00fastria, do Com\u00e9rcio, da Agricultura, das Empresas de Transporte de Carga, Sebrae e C\u00e2mara de Dirigentes Lojistas.<\/p>\n<p>Em 2020, o setor, mesmo com a pandemia, teve de pagar normalmente o IPTU, em, no m\u00e1ximo, 4 parcelas. Segundo o F\u00f3rum do Setor Produtivo, a recupera\u00e7\u00e3o econ\u00f4mica ainda \u00e9 lenta. E, especialmente, est\u00e1 em jogo a sobreviv\u00eancia de micros e pequenas empresas que continuam operando com baixo faturamento e preju\u00edzo.<\/p>\n<h3>Cen\u00e1rio de incerteza<\/h3>\n<p>O F\u00f3rum argumenta que as empresas precisam de caixa para garantir o pagamento de funcion\u00e1rios e fornecedores e que ainda h\u00e1 um elevado grau de incerteza quanto \u00e0 normaliza\u00e7\u00e3o da atividade econ\u00f4mica.<\/p>\n<p>As lideran\u00e7as do f\u00f3rum v\u00e3o se reunir na semana que vem com o governador para apresentar um balan\u00e7o do setor em 2020 e mostrar que a medida \u00e9 necess\u00e1ria para impedir a inadimpl\u00eancia.<\/p>\n","protected":false},"excerpt":{"rendered":"<p>O F\u00f3rum do Setor Produtivo do Distrito Federal encaminhou ao governador Ibaneis Rocha documento pleiteando o n\u00e3o reajuste do IPTU em 2021 e o parcelamento em, no m\u00ednimo, 10 vezes do pagamento do imposto. O documento \u00e9 assinado pelos presidentes das seis entidades que fazem parte do f\u00f3rum. S\u00e3o elas: Federa\u00e7\u00f5es da Ind\u00fastria, do Com\u00e9rcio, da Agricultura, das Empresas de [&hellip;]<\/p>\n","protected":false},"author":125,"featured_media":1137,"comment_status":"open","ping_status":"open","sticky":false,"template":"","format":"standard","meta":{"footnotes":""},"categories":[6],"tags":[369,370,368,367],"class_list":["post-1136","post","type-post","status-publish","format-standard","has-post-thumbnail","hentry","category-coluna-capital-s-a","tag-distritofederal","tag-forumdosetorprodutivo","tag-imposto","tag-setorprodutivo"],"_links":{"self":[{"href":"https:\/\/blogs.correiobraziliense.com.br\/capital-sa\/wp-json\/wp\/v2\/posts\/1136","targetHints":{"allow":["GET"]}}],"collection":[{"href":"https:\/\/blogs.correiobraziliense.com.br\/capital-sa\/wp-json\/wp\/v2\/posts"}],"about":[{"href":"https:\/\/blogs.correiobraziliense.com.br\/capital-sa\/wp-json\/wp\/v2\/types\/post"}],"author":[{"embeddable":true,"href":"https:\/\/blogs.correiobraziliense.com.br\/capital-sa\/wp-json\/wp\/v2\/users\/125"}],"replies":[{"embeddable":true,"href":"https:\/\/blogs.correiobraziliense.com.br\/capital-sa\/wp-json\/wp\/v2\/comments?post=1136"}],"version-history":[{"count":2,"href":"https:\/\/blogs.correiobraziliense.com.br\/capital-sa\/wp-json\/wp\/v2\/posts\/1136\/revisions"}],"predecessor-version":[{"id":1151,"href":"https:\/\/blogs.correiobraziliense.com.br\/capital-sa\/wp-json\/wp\/v2\/posts\/1136\/revisions\/1151"}],"wp:featuredmedia":[{"embeddable":true,"href":"https:\/\/blogs.correiobraziliense.com.br\/capital-sa\/wp-json\/wp\/v2\/media\/1137"}],"wp:attachment":[{"href":"https:\/\/blogs.correiobraziliense.com.br\/capital-sa\/wp-json\/wp\/v2\/media?parent=1136"}],"wp:term":[{"taxonomy":"category","embeddable":true,"href":"https:\/\/blogs.correiobraziliense.com.br\/capital-sa\/wp-json\/wp\/v2\/categories?post=1136"},{"taxonomy":"post_tag","embeddable":true,"href":"https:\/\/blogs.correiobraziliense.com.br\/capital-sa\/wp-json\/wp\/v2\/tags?post=1136"}],"curies":[{"name":"wp","href":"https:\/\/api.w.org\/{rel}","templated":true}]}}