{"id":11337,"date":"2023-01-04T16:44:56","date_gmt":"2023-01-04T19:44:56","guid":{"rendered":"https:\/\/blogs.correiobraziliense.com.br\/capital-sa\/?p=11337"},"modified":"2023-01-04T20:08:28","modified_gmt":"2023-01-04T23:08:28","slug":"luz-camera-acao-e-entretenimento-a-trajetoria-da-produtora-ana-arruda","status":"publish","type":"post","link":"https:\/\/blogs.correiobraziliense.com.br\/capital-sa\/2023\/01\/04\/luz-camera-acao-e-entretenimento-a-trajetoria-da-produtora-ana-arruda\/","title":{"rendered":"Respirando, transpirando e imergindo na S\u00e9tima Arte: a trajet\u00f3ria da produtora Ana Arruda"},"content":{"rendered":"<p><strong>Por Ana Dubeux<\/strong><\/p>\n<p>Emplacando duas d\u00e9cadas de mercado, a S\u00e9tima Produ\u00e7\u00f5es Culturais carrega know-how em seu DNA na realiza\u00e7\u00e3o, curadoria e produ\u00e7\u00e3o de eventos. Especializada em mostras e festivais de cinema, a empresa atua tamb\u00e9m em projetos que unem audiovisual, educa\u00e7\u00e3o, interatividade e outras artes. Criada pela empreendedora Ana Arruda, 39 anos, a S\u00e9tima se destaca por seus projetos imersivos em realidade virtual, com a exibi\u00e7\u00e3o e co-produ\u00e7\u00e3o de filmes e conte\u00fados diversos realizados em 360\u00ba. O mais recente destaque foi o Festival Curta Bras\u00edlia, com o Espa\u00e7o CVRTA VR, ambiente exclusivo para levar o p\u00fablico \u00e0 principal inova\u00e7\u00e3o no mundo do audiovisual e do entretenimento: o cinema imersivo.<\/p>\n<p>A S\u00e9tima Produ\u00e7\u00f5es j\u00e1 firmou parcerias de peso em pa\u00edses como Holanda, Fran\u00e7a, Dinamarca e Estados Unidos, que resultaram em participa\u00e7\u00e3o em grandes eventos, como Festival de Cannes, M\u00e1laga, Transmedia Hollywood e VR Days, posicionando a empresa como refer\u00eancia na elabora\u00e7\u00e3o de projetos, trazendo o que h\u00e1 de mais recente no universo da arte, cinema e entretenimento. Produtora, curadora e programadora, com experi\u00eancia em mais de 50 mostras e festivais de cinema no Brasil e em outros pa\u00edses, Ana Arruda nasceu no seio de uma fam\u00edlia que sempre valorizou a arte e a cultura, tendo sua inf\u00e2ncia regada a refer\u00eancias nordestinas e de S\u00e3o Paulo, onde coabita.<\/p>\n<h3><strong>E foi assim\u2026<\/strong><\/h3>\n<p>Tudo come\u00e7ou na adolesc\u00eancia, no final dos anos 90, no gr\u00eamio estudantil do col\u00e9gio Sigma, onde participou da cria\u00e7\u00e3o do Festival da Meia D\u00fazia, que desfiava os alunos a produzir v\u00eddeos de at\u00e9 6 minutos. J\u00e1 na Universidade Cat\u00f3lica, onde cursou jornalismo, partiu para seu primeiro est\u00e1gio, representando Bras\u00edlia no Circuito BR Movimento, da Petrobras. Aos 17 anos, criou o primeiro n\u00facleo do CRTV, passando a cobrir e realizar document\u00e1rios do Festival Curta Bras\u00edlia.<\/p>\n<p>Ana tamb\u00e9m \u00e9 diretora de Economia Criativa do Instituto Illuminante de Tecnologia e Impacto Social, e Diretora de Eventos e Parcerias Internacionais da XRBR &#8211; Associa\u00e7\u00e3o Brasileira de Realidade Extendida. Tamb\u00e9m faz parte da XR Latam, coletivo internacional de artistas e empres\u00e1rios latino-americanos que trabalham com realidades imersivas pelo mundo. Em todas as associa\u00e7\u00f5es, Ana traz a pauta da diversidade e maior participa\u00e7\u00e3o feminina no cen\u00e1rio de arte, tecnologia e economia criativa.<\/p>\n<h3><strong>Mundo real ao virtual<\/strong><\/h3>\n<p>No \u201cplano-sequ\u00eancia\u201d, em 2016, decidiu ganhar o mundo para ver e viver de perto eventos grandiosos, como o Festival de Cannes, na Fran\u00e7a, e outros de \u201cnarrativa transm\u00eddia e imersiva\u201d. Por fim, Ana Arruda se dedica de corpo e alma \u00e0 Mostra CVR, criada para ser um ponto de encontro do Curta Bras\u00edlia, um metaverso pr\u00f3prio do festival, realizada de forma totalmente on-line e gratuita. Nela, o p\u00fablico tem a possibilidade de acessar uma plataforma digital exclusiva e assistir a filmes 360 e 2D, al\u00e9m de debates com realizadores brasileiros e internacionais. A mostra conta com patroc\u00ednio da Embaixada do Reino dos Pa\u00edses Baixos e da Embaixada da Fran\u00e7a e apoio da Embaixada da Espanha, em parceria com o Instituto Cultural da Dinamarca. \u201cBras\u00edlia \u00e9 um terreno f\u00e9rtil para inova\u00e7\u00f5es. Antes mesmo de nascer, essa cidade j\u00e1 era pra frente\u201d, diz.<\/p>\n","protected":false},"excerpt":{"rendered":"<p>Por Ana Dubeux Emplacando duas d\u00e9cadas de mercado, a S\u00e9tima Produ\u00e7\u00f5es Culturais carrega know-how em seu DNA na realiza\u00e7\u00e3o, curadoria e produ\u00e7\u00e3o de eventos. Especializada em mostras e festivais de cinema, a empresa atua tamb\u00e9m em projetos que unem audiovisual, educa\u00e7\u00e3o, interatividade e outras artes. Criada pela empreendedora Ana Arruda, 39 anos, a S\u00e9tima se destaca por seus projetos imersivos [&hellip;]<\/p>\n","protected":false},"author":91,"featured_media":11338,"comment_status":"open","ping_status":"open","sticky":false,"template":"","format":"standard","meta":{"footnotes":""},"categories":[1],"tags":[],"class_list":["post-11337","post","type-post","status-publish","format-standard","has-post-thumbnail","hentry","category-sem-categoria"],"_links":{"self":[{"href":"https:\/\/blogs.correiobraziliense.com.br\/capital-sa\/wp-json\/wp\/v2\/posts\/11337","targetHints":{"allow":["GET"]}}],"collection":[{"href":"https:\/\/blogs.correiobraziliense.com.br\/capital-sa\/wp-json\/wp\/v2\/posts"}],"about":[{"href":"https:\/\/blogs.correiobraziliense.com.br\/capital-sa\/wp-json\/wp\/v2\/types\/post"}],"author":[{"embeddable":true,"href":"https:\/\/blogs.correiobraziliense.com.br\/capital-sa\/wp-json\/wp\/v2\/users\/91"}],"replies":[{"embeddable":true,"href":"https:\/\/blogs.correiobraziliense.com.br\/capital-sa\/wp-json\/wp\/v2\/comments?post=11337"}],"version-history":[{"count":9,"href":"https:\/\/blogs.correiobraziliense.com.br\/capital-sa\/wp-json\/wp\/v2\/posts\/11337\/revisions"}],"predecessor-version":[{"id":11347,"href":"https:\/\/blogs.correiobraziliense.com.br\/capital-sa\/wp-json\/wp\/v2\/posts\/11337\/revisions\/11347"}],"wp:featuredmedia":[{"embeddable":true,"href":"https:\/\/blogs.correiobraziliense.com.br\/capital-sa\/wp-json\/wp\/v2\/media\/11338"}],"wp:attachment":[{"href":"https:\/\/blogs.correiobraziliense.com.br\/capital-sa\/wp-json\/wp\/v2\/media?parent=11337"}],"wp:term":[{"taxonomy":"category","embeddable":true,"href":"https:\/\/blogs.correiobraziliense.com.br\/capital-sa\/wp-json\/wp\/v2\/categories?post=11337"},{"taxonomy":"post_tag","embeddable":true,"href":"https:\/\/blogs.correiobraziliense.com.br\/capital-sa\/wp-json\/wp\/v2\/tags?post=11337"}],"curies":[{"name":"wp","href":"https:\/\/api.w.org\/{rel}","templated":true}]}}